{"id":17055,"date":"2025-07-22T18:10:41","date_gmt":"2025-07-22T18:10:41","guid":{"rendered":"https:\/\/ladepeche.mr\/?p=17055"},"modified":"2025-07-22T18:10:41","modified_gmt":"2025-07-22T18:10:41","slug":"mali-mauritanie-deux-ressortissants-mauritaniens-apprehendes-par-les-autorites-maliennes","status":"publish","type":"post","link":"https:\/\/ladepeche.mr\/?p=17055","title":{"rendered":"Mali-Mauritanie : Deux ressortissants mauritaniens appr\u00e9hend\u00e9s par les autorit\u00e9s maliennes"},"content":{"rendered":"<p>Les autorit\u00e9s s\u00e9curitaires maliennes auraient arr\u00eat\u00e9, au d\u00e9but du mois juillet, \u00e0 la lisi\u00e8re de la fronti\u00e8re avec notre pays, deux ressortissants mauritaniens, sans raison apparente. Les ressortissants mauritaniens recherchaient un troupeau de moutons en divagation dans la zone.<br \/>\nLes deux personnes concern\u00e9es sont l&#8217;imam de la mosqu\u00e9e et enseignant de la mahadra du village de Saydou Ahel Sidi, Lemrabott Ould Abeidallah, et Mohamed El Amin Ould Abeidallah. Les deux hommes, visiblement des proches par leur nom de famille, auraient \u00e9t\u00e9 appr\u00e9hend\u00e9s \u00e0 proximit\u00e9 d\u2019un village malien mitoyen du village de Melgha, dans la moughataa de Ghabou, wilaya du Ghidimagha.<br \/>\nAux derni\u00e8res nouvelles, les deux hommes emmen\u00e9s, d\u2019abord, dans la r\u00e9gion de Kayes, ont par la suite \u00e9t\u00e9 conduits dans la capitale Bamako. Aucune explication n\u2019aurait \u00e9t\u00e9 donn\u00e9e, \u00e0 ce jour, par les autorit\u00e9s s\u00e9curitaires maliennes quant aux motivations de ces arrestations des ressortissants mauritaniens.<br \/>\nSelon leurs proches, cit\u00e9s par les m\u00e9dias, la famille ignore toujours les motifs de l\u2019arrestation alors que les deux jeunes hommes sont d\u00e9tenus depuis un mois sans aucune information officielle sur les accusations ou les raisons de leur d\u00e9tention ne leur soit donn\u00e9e. La famille des mauritaniens s\u00e9questr\u00e9s qui se dit inqui\u00e8te sur leur situation a appel\u00e9 le gouvernement mauritanien \u00e0 intervenir pour assurer leur lib\u00e9ration et de leur acheminement vers pays.<br \/>\nNotons que malgr\u00e9 la coordination entre les autorit\u00e9s des deux pays ce genre d\u2019incident survient souvent et peut malheureusement donn\u00e9 suite \u00e0 des bavures irr\u00e9parables.  <\/p>\n","protected":false},"excerpt":{"rendered":"<p>Les autorit\u00e9s s\u00e9curitaires maliennes auraient arr\u00eat\u00e9, au d\u00e9but du mois juillet, \u00e0 la lisi\u00e8re de la fronti\u00e8re avec notre pays, deux ressortissants mauritaniens, sans raison apparente. Les ressortissants mauritaniens recherchaient un troupeau de moutons en divagation dans la zone. Les deux personnes concern\u00e9es sont l&#8217;imam de la mosqu\u00e9e et enseignant de la mahadra du village &hellip;<\/p>\n","protected":false},"author":2,"featured_media":17056,"comment_status":"open","ping_status":"open","sticky":false,"template":"","format":"standard","meta":{"footnotes":""},"categories":[18,29],"tags":[],"class_list":["post-17055","post","type-post","status-publish","format-standard","has-post-thumbnail","hentry","category-actualites","category-monde"],"_links":{"self":[{"href":"https:\/\/ladepeche.mr\/index.php?rest_route=\/wp\/v2\/posts\/17055","targetHints":{"allow":["GET"]}}],"collection":[{"href":"https:\/\/ladepeche.mr\/index.php?rest_route=\/wp\/v2\/posts"}],"about":[{"href":"https:\/\/ladepeche.mr\/index.php?rest_route=\/wp\/v2\/types\/post"}],"author":[{"embeddable":true,"href":"https:\/\/ladepeche.mr\/index.php?rest_route=\/wp\/v2\/users\/2"}],"replies":[{"embeddable":true,"href":"https:\/\/ladepeche.mr\/index.php?rest_route=%2Fwp%2Fv2%2Fcomments&post=17055"}],"version-history":[{"count":1,"href":"https:\/\/ladepeche.mr\/index.php?rest_route=\/wp\/v2\/posts\/17055\/revisions"}],"predecessor-version":[{"id":17057,"href":"https:\/\/ladepeche.mr\/index.php?rest_route=\/wp\/v2\/posts\/17055\/revisions\/17057"}],"wp:featuredmedia":[{"embeddable":true,"href":"https:\/\/ladepeche.mr\/index.php?rest_route=\/wp\/v2\/media\/17056"}],"wp:attachment":[{"href":"https:\/\/ladepeche.mr\/index.php?rest_route=%2Fwp%2Fv2%2Fmedia&parent=17055"}],"wp:term":[{"taxonomy":"category","embeddable":true,"href":"https:\/\/ladepeche.mr\/index.php?rest_route=%2Fwp%2Fv2%2Fcategories&post=17055"},{"taxonomy":"post_tag","embeddable":true,"href":"https:\/\/ladepeche.mr\/index.php?rest_route=%2Fwp%2Fv2%2Ftags&post=17055"}],"curies":[{"name":"wp","href":"https:\/\/api.w.org\/{rel}","templated":true}]}}