{"id":17062,"date":"2025-07-23T11:45:33","date_gmt":"2025-07-23T11:45:33","guid":{"rendered":"https:\/\/ladepeche.mr\/?p=17062"},"modified":"2025-07-23T11:48:34","modified_gmt":"2025-07-23T11:48:34","slug":"sahara-le-portugal-saligne-sur-la-dynamique-internationale-en-faveur-du-plan-dautonomie-marocain","status":"publish","type":"post","link":"https:\/\/ladepeche.mr\/?p=17062","title":{"rendered":"Sahara: Le Portugal s\u2019aligne sur la dynamique internationale en faveur du Plan d\u2019autonomie marocain"},"content":{"rendered":"<p>Dans le cadre de la dynamique internationale cr\u00e9\u00e9e sous l\u2019impulsion de Sa Majest\u00e9 le Roi Mohammed VI, en soutien \u00e0 la souverainet\u00e9 du Maroc sur son Sahara et au Plan d\u2019autonomie, la R\u00e9publique portugaise exprime &#8220;son plein soutien \u00e0 l\u2019initiative marocaine d\u2019autonomie comme la base la plus s\u00e9rieuse, cr\u00e9dible et constructive pour le r\u00e8glement de ce diff\u00e9rend&#8221;.<\/p>\n<p>Cette position a \u00e9t\u00e9 exprim\u00e9e, mardi \u00e0 Lisbonne, dans une D\u00e9claration conjointe adopt\u00e9e par le ministre des Affaires \u00e9trang\u00e8res, de la Coop\u00e9ration africaine et des Marocains r\u00e9sidant \u00e0 l\u2019\u00e9tranger, Nasser Bourita, et le ministre d\u2019\u00c9tat et des Affaires \u00e9trang\u00e8res de la R\u00e9publique portugaise, Paulo Rangel, \u00e0 l\u2019issue de leur rencontre.<\/p>\n<p>Le Portugal reconnait l\u2019importance de cette question pour le Maroc, ainsi que les efforts s\u00e9rieux et cr\u00e9dibles d\u00e9ploy\u00e9s par le Royaume dans le cadre des Nations Unies pour parvenir \u00e0 une solution politique, juste, durable et mutuellement acceptable pour les parties, lit-on dans cette D\u00e9claration conjointe.<\/p>\n<p>Les deux ministres ont r\u00e9affirm\u00e9 leur soutien \u00e0 la r\u00e9solution 2756 du Conseil de S\u00e9curit\u00e9 de l\u2019ONU, qui a not\u00e9 le r\u00f4le et la responsabilit\u00e9 des parties dans la recherche d\u2019une solution politique r\u00e9aliste, pragmatique, durable et fond\u00e9e sur le compromis, souligne le document.<\/p>\n<p>\u00c0 travers sa nouvelle position, le Portugal \u00e9met un signal clair illustrant son adh\u00e9sion au consensus international grandissant autour du Plan d\u2019autonomie pr\u00e9sent\u00e9 par le Maroc, en ligne avec la dynamique internationale forte men\u00e9e sous l\u2019impulsion du monarque marocain.<br \/>\nMAP<\/p>\n","protected":false},"excerpt":{"rendered":"<p>Dans le cadre de la dynamique internationale cr\u00e9\u00e9e sous l\u2019impulsion de Sa Majest\u00e9 le Roi Mohammed VI, en soutien \u00e0 la souverainet\u00e9 du Maroc sur son Sahara et au Plan d\u2019autonomie, la R\u00e9publique portugaise exprime &#8220;son plein soutien \u00e0 l\u2019initiative marocaine d\u2019autonomie comme la base la plus s\u00e9rieuse, cr\u00e9dible et constructive pour le r\u00e8glement de &hellip;<\/p>\n","protected":false},"author":2,"featured_media":17063,"comment_status":"open","ping_status":"open","sticky":false,"template":"","format":"standard","meta":{"footnotes":""},"categories":[18,29],"tags":[],"class_list":["post-17062","post","type-post","status-publish","format-standard","has-post-thumbnail","hentry","category-actualites","category-monde"],"_links":{"self":[{"href":"https:\/\/ladepeche.mr\/index.php?rest_route=\/wp\/v2\/posts\/17062","targetHints":{"allow":["GET"]}}],"collection":[{"href":"https:\/\/ladepeche.mr\/index.php?rest_route=\/wp\/v2\/posts"}],"about":[{"href":"https:\/\/ladepeche.mr\/index.php?rest_route=\/wp\/v2\/types\/post"}],"author":[{"embeddable":true,"href":"https:\/\/ladepeche.mr\/index.php?rest_route=\/wp\/v2\/users\/2"}],"replies":[{"embeddable":true,"href":"https:\/\/ladepeche.mr\/index.php?rest_route=%2Fwp%2Fv2%2Fcomments&post=17062"}],"version-history":[{"count":1,"href":"https:\/\/ladepeche.mr\/index.php?rest_route=\/wp\/v2\/posts\/17062\/revisions"}],"predecessor-version":[{"id":17064,"href":"https:\/\/ladepeche.mr\/index.php?rest_route=\/wp\/v2\/posts\/17062\/revisions\/17064"}],"wp:featuredmedia":[{"embeddable":true,"href":"https:\/\/ladepeche.mr\/index.php?rest_route=\/wp\/v2\/media\/17063"}],"wp:attachment":[{"href":"https:\/\/ladepeche.mr\/index.php?rest_route=%2Fwp%2Fv2%2Fmedia&parent=17062"}],"wp:term":[{"taxonomy":"category","embeddable":true,"href":"https:\/\/ladepeche.mr\/index.php?rest_route=%2Fwp%2Fv2%2Fcategories&post=17062"},{"taxonomy":"post_tag","embeddable":true,"href":"https:\/\/ladepeche.mr\/index.php?rest_route=%2Fwp%2Fv2%2Ftags&post=17062"}],"curies":[{"name":"wp","href":"https:\/\/api.w.org\/{rel}","templated":true}]}}