{"id":17068,"date":"2025-07-23T12:05:02","date_gmt":"2025-07-23T12:05:02","guid":{"rendered":"https:\/\/ladepeche.mr\/?p=17068"},"modified":"2025-07-23T12:05:02","modified_gmt":"2025-07-23T12:05:02","slug":"nouadhibou-signature-dune-convention-tripartite-pour-le-developpement-durable-de-la-region-2","status":"publish","type":"post","link":"https:\/\/ladepeche.mr\/?p=17068","title":{"rendered":"Nouadhibou : Signature d\u2019une convention tripartite pour le d\u00e9veloppement durable de la r\u00e9gion"},"content":{"rendered":"<p>Une \u00e9tape majeure vient d\u2019\u00eatre franchie dans la dynamique de d\u00e9veloppement de la r\u00e9gion de Dakhlet Nouadhibou, avec la signature, mercredi, par le pr\u00e9sident du conseil r\u00e9gional d\u2019une convention tripartite de partenariat strat\u00e9gique avec l\u2019ONG fran\u00e7aise CORAIL D\u00e9veloppement (Lyon) et l\u2019ONG mauritanienne ADIG, marquant ainsi le coup d\u2019envoi d\u2019un ambitieux programme de d\u00e9veloppement durable.<br \/>\nCe partenariat s\u2019inscrit dans le cadre de la mise en \u0153uvre de la SCRAPP 2025\u20132028, un plan structurant dot\u00e9 d\u2019un budget de 51 milliards MRU. Le programme vise \u00e0 transformer en profondeur le tissu socio-\u00e9conomique local autour de plusieurs axes prioritaires :<br \/>\n\u2022 La promotion de l\u2019emploi des jeunes et des femmes<br \/>\n\u2022 Une gestion durable des ressources naturelles<br \/>\n\u2022 Le d\u00e9veloppement de secteurs cl\u00e9s comme le tourisme, la p\u00eache, l\u2019agriculture urbaine et l\u2019artisanat<br \/>\n\u2022 Le renforcement des services sociaux de base, incluant l\u2019\u00e9ducation, la sant\u00e9, l\u2019acc\u00e8s \u00e0 l\u2019eau et \u00e0 l\u2019\u00e9nergie<br \/>\n\u2022 Une gouvernance locale renforc\u00e9e et participative<br \/>\nLes responsables du projet esp\u00e8rent faire de Nouadhibou un v\u00e9ritable mod\u00e8le r\u00e9gional de d\u00e9veloppement durable, en transformant les d\u00e9fis environnementaux et \u00e9conomiques en opportunit\u00e9s concr\u00e8tes pour les populations locales, promettent-ils \u00e0 l\u2019occasion de l\u2019officialisation de ce partenariat.<br \/>\nLa prochaine \u00e9tape consistera en l\u2019organisation d\u2019une table ronde r\u00e9unissant partenaires techniques et financiers afin de mobiliser les fonds n\u00e9cessaires \u00e0 la r\u00e9alisation des projets structurants identifi\u00e9s par le conseil r\u00e9gional.<br \/>\nPour le conseil r\u00e9gional, il s\u2019agit de construire ensemble un avenir plus inclusif, vert et prosp\u00e8re pour Dakhlet Nouadhibou, fait-on savoir dans notre capitale \u00e9conomique.<\/p>\n","protected":false},"excerpt":{"rendered":"<p>Une \u00e9tape majeure vient d\u2019\u00eatre franchie dans la dynamique de d\u00e9veloppement de la r\u00e9gion de Dakhlet Nouadhibou, avec la signature, mercredi, par le pr\u00e9sident du conseil r\u00e9gional d\u2019une convention tripartite de partenariat strat\u00e9gique avec l\u2019ONG fran\u00e7aise CORAIL D\u00e9veloppement (Lyon) et l\u2019ONG mauritanienne ADIG, marquant ainsi le coup d\u2019envoi d\u2019un ambitieux programme de d\u00e9veloppement durable. Ce &hellip;<\/p>\n","protected":false},"author":2,"featured_media":17069,"comment_status":"open","ping_status":"open","sticky":false,"template":"","format":"standard","meta":{"footnotes":""},"categories":[18,2],"tags":[],"class_list":["post-17068","post","type-post","status-publish","format-standard","has-post-thumbnail","hentry","category-actualites","category-economie"],"_links":{"self":[{"href":"https:\/\/ladepeche.mr\/index.php?rest_route=\/wp\/v2\/posts\/17068","targetHints":{"allow":["GET"]}}],"collection":[{"href":"https:\/\/ladepeche.mr\/index.php?rest_route=\/wp\/v2\/posts"}],"about":[{"href":"https:\/\/ladepeche.mr\/index.php?rest_route=\/wp\/v2\/types\/post"}],"author":[{"embeddable":true,"href":"https:\/\/ladepeche.mr\/index.php?rest_route=\/wp\/v2\/users\/2"}],"replies":[{"embeddable":true,"href":"https:\/\/ladepeche.mr\/index.php?rest_route=%2Fwp%2Fv2%2Fcomments&post=17068"}],"version-history":[{"count":1,"href":"https:\/\/ladepeche.mr\/index.php?rest_route=\/wp\/v2\/posts\/17068\/revisions"}],"predecessor-version":[{"id":17070,"href":"https:\/\/ladepeche.mr\/index.php?rest_route=\/wp\/v2\/posts\/17068\/revisions\/17070"}],"wp:featuredmedia":[{"embeddable":true,"href":"https:\/\/ladepeche.mr\/index.php?rest_route=\/wp\/v2\/media\/17069"}],"wp:attachment":[{"href":"https:\/\/ladepeche.mr\/index.php?rest_route=%2Fwp%2Fv2%2Fmedia&parent=17068"}],"wp:term":[{"taxonomy":"category","embeddable":true,"href":"https:\/\/ladepeche.mr\/index.php?rest_route=%2Fwp%2Fv2%2Fcategories&post=17068"},{"taxonomy":"post_tag","embeddable":true,"href":"https:\/\/ladepeche.mr\/index.php?rest_route=%2Fwp%2Fv2%2Ftags&post=17068"}],"curies":[{"name":"wp","href":"https:\/\/api.w.org\/{rel}","templated":true}]}}