{"id":17071,"date":"2025-07-23T12:16:42","date_gmt":"2025-07-23T12:16:42","guid":{"rendered":"https:\/\/ladepeche.mr\/?p=17071"},"modified":"2025-07-23T12:16:42","modified_gmt":"2025-07-23T12:16:42","slug":"session-extraordinaire-de-la-ligue-arabe-pour-discuter-des-conditions-catastrophiques-dans-la-bande-de-gaza","status":"publish","type":"post","link":"https:\/\/ladepeche.mr\/?p=17071","title":{"rendered":"Session extraordinaire de la Ligue arabe (&#8230;) pour discuter des conditions catastrophiques dans la bande de Gaza&#8230;"},"content":{"rendered":"<p>La session extraordinaire de la Ligue arabe au niveau des repr\u00e9sentants permanents, convoqu\u00e9e par l&#8217;\u00c9tat de Palestine, doit commencer aujourd&#8217;hui, mardi, pour discuter de l&#8217;escalade dangereuse dans la bande de Gaza et des violations isra\u00e9liennes en cours contre le peuple palestinien et les sanctuaires religieux.<\/p>\n<p>Cet appel intervient au vu des conditions catastrophiques, du si\u00e8ge de famine et de la mort insens\u00e9e auxquels sont soumis les civils de la bande de Gaza. Il s&#8217;inscrit \u00e9galement dans le contexte des attaques de l&#8217;occupation contre les lieux saints islamiques et chr\u00e9tiens, notamment le projet ill\u00e9gal isra\u00e9lien de priver la municipalit\u00e9 d&#8217;H\u00e9bron de son autorit\u00e9 sur la mosqu\u00e9e Ibrahimi et ses environs, et de la c\u00e9der au soi-disant \u00ab Conseil religieux \u00bb des colonies isra\u00e9liennes. Il s&#8217;agit d&#8217;une tentative de modifier le statut juridique et historique du site et de le transf\u00e9rer enti\u00e8rement sous contr\u00f4le isra\u00e9lien.<\/p>\n<p>La session vise \u00e0 explorer l\u2019action politique, juridique et diplomatique arabe aux niveaux r\u00e9gional et international pour faire face \u00e0 ces violations sans pr\u00e9c\u00e9dent et mobiliser le soutien \u00e0 une action efficace pour garantir la fin de l\u2019agression et tenir l\u2019occupation responsable de ses crimes.<br \/>\nhttps:\/\/french.wafa.ps\/Pages\/Details\/234016<\/p>\n","protected":false},"excerpt":{"rendered":"<p>La session extraordinaire de la Ligue arabe au niveau des repr\u00e9sentants permanents, convoqu\u00e9e par l&#8217;\u00c9tat de Palestine, doit commencer aujourd&#8217;hui, mardi, pour discuter de l&#8217;escalade dangereuse dans la bande de Gaza et des violations isra\u00e9liennes en cours contre le peuple palestinien et les sanctuaires religieux. Cet appel intervient au vu des conditions catastrophiques, du si\u00e8ge &hellip;<\/p>\n","protected":false},"author":2,"featured_media":17072,"comment_status":"open","ping_status":"open","sticky":false,"template":"","format":"standard","meta":{"footnotes":""},"categories":[18,29],"tags":[],"class_list":["post-17071","post","type-post","status-publish","format-standard","has-post-thumbnail","hentry","category-actualites","category-monde"],"_links":{"self":[{"href":"https:\/\/ladepeche.mr\/index.php?rest_route=\/wp\/v2\/posts\/17071","targetHints":{"allow":["GET"]}}],"collection":[{"href":"https:\/\/ladepeche.mr\/index.php?rest_route=\/wp\/v2\/posts"}],"about":[{"href":"https:\/\/ladepeche.mr\/index.php?rest_route=\/wp\/v2\/types\/post"}],"author":[{"embeddable":true,"href":"https:\/\/ladepeche.mr\/index.php?rest_route=\/wp\/v2\/users\/2"}],"replies":[{"embeddable":true,"href":"https:\/\/ladepeche.mr\/index.php?rest_route=%2Fwp%2Fv2%2Fcomments&post=17071"}],"version-history":[{"count":1,"href":"https:\/\/ladepeche.mr\/index.php?rest_route=\/wp\/v2\/posts\/17071\/revisions"}],"predecessor-version":[{"id":17073,"href":"https:\/\/ladepeche.mr\/index.php?rest_route=\/wp\/v2\/posts\/17071\/revisions\/17073"}],"wp:featuredmedia":[{"embeddable":true,"href":"https:\/\/ladepeche.mr\/index.php?rest_route=\/wp\/v2\/media\/17072"}],"wp:attachment":[{"href":"https:\/\/ladepeche.mr\/index.php?rest_route=%2Fwp%2Fv2%2Fmedia&parent=17071"}],"wp:term":[{"taxonomy":"category","embeddable":true,"href":"https:\/\/ladepeche.mr\/index.php?rest_route=%2Fwp%2Fv2%2Fcategories&post=17071"},{"taxonomy":"post_tag","embeddable":true,"href":"https:\/\/ladepeche.mr\/index.php?rest_route=%2Fwp%2Fv2%2Ftags&post=17071"}],"curies":[{"name":"wp","href":"https:\/\/api.w.org\/{rel}","templated":true}]}}