{"id":17077,"date":"2025-07-23T13:12:23","date_gmt":"2025-07-23T13:12:23","guid":{"rendered":"https:\/\/ladepeche.mr\/?p=17077"},"modified":"2025-07-23T19:17:08","modified_gmt":"2025-07-23T19:17:08","slug":"17077","status":"publish","type":"post","link":"https:\/\/ladepeche.mr\/?p=17077","title":{"rendered":"Mise en place du groupe d\u2019amiti\u00e9 parlementaire RIM-USA : Le moment est-il bien choisi ?"},"content":{"rendered":"<p>L\u2019amiti\u00e9 mauritano-am\u00e9ricaine va-t-elle occulter la r\u00e9alit\u00e9 d\u2019un g\u00e9nocide atroce \u00e0 Gaza ? Les questions fusent. Alors que les bombes pleuvent sur Gaza avec la b\u00e9n\u00e9diction plus ou moins explicite de Washington, alors qu\u2019Israel, l\u2019enfant g\u00e2t\u00e9 des Etats Unis, affame les populations, nos parlementaires ont malheureusement choisi le mauvais moment pour annoncer la mise en place, en ces temps troubles o\u00f9 l\u2019ambassade am\u00e9ricaine est le site des manifestations anti-isra\u00e9liennes, du groupe d\u2019amiti\u00e9 parlementaire les liant avec les \u00c9tats-Unis. Comme quoi, les relations internationales ont aussi leur part de romantisme \u2013 m\u00eame en temps de carnage.<br \/>\nC\u2019est donc mardi apr\u00e8s-midi que tenue \u00e0 l\u2019Assembl\u00e9e nationale la c\u00e9r\u00e9monie de lancement du Groupe parlementaire d\u2019amiti\u00e9 Mauritanie\u2013\u00c9tats-Unis. Entre poign\u00e9es de main enthousiastes et sourires protocolaires, l\u2019\u00e9v\u00e9nement s\u2019est d\u00e9roul\u00e9 avec sans doute un arri\u00e8re-go\u00fbt d\u2019amertume, c\u00f4t\u00e9 mauritanien normalement. La c\u00e9l\u00e9bration de cette relation de &#8220;dialogue interparlementaire&#8221; est pass\u00e9e presqu\u2019inaper\u00e7ue comme pour ne pas provoquer le sentiment ambiant contre le \u00ab Trumpisme \u00bb soup\u00e7onn\u00e9 de connivence avec le sadisme du criminel de guerre, B. Netanhyahou.<br \/>\nLa r\u00e9union pr\u00e9sid\u00e9e par premier vice-pr\u00e9sident de l\u2019Assembl\u00e9e, Sidney Sokhona, a vu la participation du ministre de la Culture et porte-parole du gouvernement, Houssein Meddou, qui louait de b\u00e2tir des ponts de coop\u00e9ration entre les deux pays. Une \u00ab initiative qui vient, selon lui, appuyer les efforts du gouvernement en mati\u00e8re de diplomatie parlementaire. &#8220;Les liens entre les deux pays sont enracin\u00e9s&#8221;.<br \/>\nLe d\u00e9put\u00e9 Zeine El Abidine Ahmed El Hadi, pr\u00e9sident du Groupe parlementaire, s\u2019est quant \u00e0 lui r\u00e9joui de &#8220;l\u2019ouverture d\u2019un espace de dialogue&#8221;, dans un enthousiasme qui ferait presque oublier que ce dialogue s\u2019effectue avec un pays engag\u00e9 dans le soutien militaire d\u2019une guerre largement d\u00e9nonc\u00e9e dans le monde.<br \/>\nDu c\u00f4t\u00e9 am\u00e9ricain, le charg\u00e9 d\u2019affaires John Ice a salu\u00e9 l\u2019initiative comme le symbole d\u2019un &#8220;nouvel \u00e9lan&#8221;.<br \/>\nUne rencontre qui aurait gagn\u00e9 \u00e0 \u00eatre ajourn\u00e9e pour ne pas rappeler le r\u00f4le n\u00e9gatif des Etats-Unis d\u2019Am\u00e9rique dans la poursuite du g\u00e9nocide isra\u00e9lien \u00e0 Gaza et dans la mise \u00e0 fin des financements que les EUA pourvoyaient au Continent; sans oublier les attitudes peu protocolaires du pr\u00e9sident D.Trump lorsqu&#8217;il recevait les 5 dirigeants africains qu&#8217;il avait lui m\u00eame invit\u00e9s.<\/p>\n","protected":false},"excerpt":{"rendered":"<p>L\u2019amiti\u00e9 mauritano-am\u00e9ricaine va-t-elle occulter la r\u00e9alit\u00e9 d\u2019un g\u00e9nocide atroce \u00e0 Gaza ? Les questions fusent. Alors que les bombes pleuvent sur Gaza avec la b\u00e9n\u00e9diction plus ou moins explicite de Washington, alors qu\u2019Israel, l\u2019enfant g\u00e2t\u00e9 des Etats Unis, affame les populations, nos parlementaires ont malheureusement choisi le mauvais moment pour annoncer la mise en place, &hellip;<\/p>\n","protected":false},"author":2,"featured_media":17078,"comment_status":"open","ping_status":"open","sticky":false,"template":"","format":"standard","meta":{"footnotes":""},"categories":[18,29],"tags":[],"class_list":["post-17077","post","type-post","status-publish","format-standard","has-post-thumbnail","hentry","category-actualites","category-monde"],"_links":{"self":[{"href":"https:\/\/ladepeche.mr\/index.php?rest_route=\/wp\/v2\/posts\/17077","targetHints":{"allow":["GET"]}}],"collection":[{"href":"https:\/\/ladepeche.mr\/index.php?rest_route=\/wp\/v2\/posts"}],"about":[{"href":"https:\/\/ladepeche.mr\/index.php?rest_route=\/wp\/v2\/types\/post"}],"author":[{"embeddable":true,"href":"https:\/\/ladepeche.mr\/index.php?rest_route=\/wp\/v2\/users\/2"}],"replies":[{"embeddable":true,"href":"https:\/\/ladepeche.mr\/index.php?rest_route=%2Fwp%2Fv2%2Fcomments&post=17077"}],"version-history":[{"count":4,"href":"https:\/\/ladepeche.mr\/index.php?rest_route=\/wp\/v2\/posts\/17077\/revisions"}],"predecessor-version":[{"id":17086,"href":"https:\/\/ladepeche.mr\/index.php?rest_route=\/wp\/v2\/posts\/17077\/revisions\/17086"}],"wp:featuredmedia":[{"embeddable":true,"href":"https:\/\/ladepeche.mr\/index.php?rest_route=\/wp\/v2\/media\/17078"}],"wp:attachment":[{"href":"https:\/\/ladepeche.mr\/index.php?rest_route=%2Fwp%2Fv2%2Fmedia&parent=17077"}],"wp:term":[{"taxonomy":"category","embeddable":true,"href":"https:\/\/ladepeche.mr\/index.php?rest_route=%2Fwp%2Fv2%2Fcategories&post=17077"},{"taxonomy":"post_tag","embeddable":true,"href":"https:\/\/ladepeche.mr\/index.php?rest_route=%2Fwp%2Fv2%2Ftags&post=17077"}],"curies":[{"name":"wp","href":"https:\/\/api.w.org\/{rel}","templated":true}]}}