{"id":17082,"date":"2025-07-23T13:49:14","date_gmt":"2025-07-23T13:49:14","guid":{"rendered":"https:\/\/ladepeche.mr\/?p=17082"},"modified":"2025-07-23T13:49:51","modified_gmt":"2025-07-23T13:49:51","slug":"circulation-interurbaines-vacances-meurtrieres-sur-les-routes-nationales","status":"publish","type":"post","link":"https:\/\/ladepeche.mr\/?p=17082","title":{"rendered":"Circulation interurbaine: Vacances meurtri\u00e8res sur les routes nationales"},"content":{"rendered":"<p>Encore une fois, la route a tu\u00e9. Et encore une fois, les douleurs et l\u2019incompr\u00e9hension fusent. Dimanche, c\u2019\u00e9tait sur la route de l\u2019Espoir ; ce mercredi, c\u2019est l\u2019axe Nouakchott\u2013Nouadhibou, qui vole la vedette d\u2019un \u00e9ni\u00e8me drame au PK kilom\u00e9trique 42, emportant des vies, d\u00e9truisant une famille. Un v\u00e9hicule transportant six personnes s\u2019est renvers\u00e9. Le bilan est lourd : plusieurs morts, des bless\u00e9s, une trag\u00e9die de plus sur une route qui ressemble d\u00e9sormais davantage \u00e0 une route cimeti\u00e8re de l&#8217;axe NDB-Nktt long de 460km.<br \/>\nQuelques jours plus t\u00f4t, un autre accident, tout aussi effroyable, secouait la Route de l\u2019Espoir. Une collision entre un bus fun\u00e9raire et une petite voiture a fait au moins quatre morts, pi\u00e9g\u00e9s dans un incendie provoqu\u00e9 \u2013entre autres explications- par l\u2019explosion d\u2019une bouteille de gaz. Le drame s\u2019est d\u00e9roul\u00e9 \u00e0 75 kilom\u00e8tres de Nouakchott, non loin de Bir El Baraka.<br \/>\nAnn\u00e9e apr\u00e8s ann\u00e9e, les chiffres s\u2019accumulent, mais rien ne change. Vitesse excessive, \u00e9tat lamentable des v\u00e9hicules, routes d\u00e9grad\u00e9es, absence de contr\u00f4les, conducteurs indisciplin\u00e9s\u2026 Les causes sont connues, archi-connues. Et pourtant, les mesures tardent, ou pire, restent inefficaces.<br \/>\nLa route Nouakchott\u2013Nouadhibou et la Route de l\u2019Espoir sont devenues des pi\u00e8ges mortels. \u00c9troites, mal entretenues, surcharg\u00e9es friables \u00e0 cause des camions\u2026 Les promesses d\u2019investissements et de r\u00e9habilitation se succ\u00e8dent, mais sur le terrain, c\u2019est toujours le d\u00e9sert\u2026 et le sang y coule d\u00e9sormais beaucoup.<br \/>\nLes autorit\u00e9s ne peuvent plus se contenter de messages de condol\u00e9ances. L\u2019heure devrait \u00eatre l\u2019action. La s\u00e9curit\u00e9 routi\u00e8re est devenue au fil des accidents mortels une urgence nationale. Car chaque jour d\u2019inaction co\u00fbte des vies. Assez de fatalisme. Les drames qui transforment les vacances en trag\u00e9dies sont les cons\u00e9quences d\u2019un syst\u00e8me d\u00e9pass\u00e9 et qui sacrifie la s\u00e9curit\u00e9 \u00e0 l\u2019autel de la n\u00e9gligence alors que les moyens de transport ont vertigineusement augment\u00e9.<br \/>\nLes campagnes de sensibilisation ont-elles \u00e9chou\u00e9 ? Les radars ne constatent-ils plus les exc\u00e8s de vitesse ? Le mauvais entretien routier et l\u2019exigu\u00eft\u00e9 des art\u00e8res y est aussi pour quelque chose\u2026<\/p>\n","protected":false},"excerpt":{"rendered":"<p>Encore une fois, la route a tu\u00e9. Et encore une fois, les douleurs et l\u2019incompr\u00e9hension fusent. Dimanche, c\u2019\u00e9tait sur la route de l\u2019Espoir ; ce mercredi, c\u2019est l\u2019axe Nouakchott\u2013Nouadhibou, qui vole la vedette d\u2019un \u00e9ni\u00e8me drame au PK kilom\u00e9trique 42, emportant des vies, d\u00e9truisant une famille. Un v\u00e9hicule transportant six personnes s\u2019est renvers\u00e9. Le bilan &hellip;<\/p>\n","protected":false},"author":2,"featured_media":17083,"comment_status":"open","ping_status":"open","sticky":false,"template":"","format":"standard","meta":{"footnotes":""},"categories":[18],"tags":[],"class_list":["post-17082","post","type-post","status-publish","format-standard","has-post-thumbnail","hentry","category-actualites"],"_links":{"self":[{"href":"https:\/\/ladepeche.mr\/index.php?rest_route=\/wp\/v2\/posts\/17082","targetHints":{"allow":["GET"]}}],"collection":[{"href":"https:\/\/ladepeche.mr\/index.php?rest_route=\/wp\/v2\/posts"}],"about":[{"href":"https:\/\/ladepeche.mr\/index.php?rest_route=\/wp\/v2\/types\/post"}],"author":[{"embeddable":true,"href":"https:\/\/ladepeche.mr\/index.php?rest_route=\/wp\/v2\/users\/2"}],"replies":[{"embeddable":true,"href":"https:\/\/ladepeche.mr\/index.php?rest_route=%2Fwp%2Fv2%2Fcomments&post=17082"}],"version-history":[{"count":2,"href":"https:\/\/ladepeche.mr\/index.php?rest_route=\/wp\/v2\/posts\/17082\/revisions"}],"predecessor-version":[{"id":17085,"href":"https:\/\/ladepeche.mr\/index.php?rest_route=\/wp\/v2\/posts\/17082\/revisions\/17085"}],"wp:featuredmedia":[{"embeddable":true,"href":"https:\/\/ladepeche.mr\/index.php?rest_route=\/wp\/v2\/media\/17083"}],"wp:attachment":[{"href":"https:\/\/ladepeche.mr\/index.php?rest_route=%2Fwp%2Fv2%2Fmedia&parent=17082"}],"wp:term":[{"taxonomy":"category","embeddable":true,"href":"https:\/\/ladepeche.mr\/index.php?rest_route=%2Fwp%2Fv2%2Fcategories&post=17082"},{"taxonomy":"post_tag","embeddable":true,"href":"https:\/\/ladepeche.mr\/index.php?rest_route=%2Fwp%2Fv2%2Ftags&post=17082"}],"curies":[{"name":"wp","href":"https:\/\/api.w.org\/{rel}","templated":true}]}}