{"id":17096,"date":"2025-07-24T12:12:41","date_gmt":"2025-07-24T12:12:41","guid":{"rendered":"https:\/\/ladepeche.mr\/?p=17096"},"modified":"2025-07-24T12:12:41","modified_gmt":"2025-07-24T12:12:41","slug":"sahara-la-gambie-reitere-son-plein-appui-a-la-solution-marocaine-communique-conjoint","status":"publish","type":"post","link":"https:\/\/ladepeche.mr\/?p=17096","title":{"rendered":"Sahara : La Gambie r\u00e9it\u00e8re son plein appui \u00e0 la solution marocaine (communiqu\u00e9 conjoint)"},"content":{"rendered":"<p>La R\u00e9publique de Gambie a r\u00e9it\u00e9r\u00e9, le 23 juillet courant, son soutien \u00e0 la souverainet\u00e9 du Maroc sur la r\u00e9gion du Sahara et \u00e0 l\u2019Initiative d\u2019autonomie comme la seule solution pour la r\u00e9solution du diff\u00e9rend r\u00e9gional autour du Sahara.<\/p>\n<p>Cette position claire et constante a \u00e9t\u00e9 r\u00e9affirm\u00e9e dans un communiqu\u00e9 conjoint sign\u00e9 \u00e0 l\u2019issue des entretiens tenus, mercredi \u00e0 Rabat, entre le ministre des Affaires \u00e9trang\u00e8res, de la Coop\u00e9ration africaine et des Marocains r\u00e9sidant \u00e0 l&#8217;\u00e9tranger, Nasser Bourita, et le ministre des Affaires \u00e9trang\u00e8res, de la Coop\u00e9ration internationale et des Gambiens de l&#8217;\u00e9tranger, Sering ModouNjie.<\/p>\n<p>Dans ce communiqu\u00e9 conjoint, le chef de la diplomatie gambienne a \u00abr\u00e9affirm\u00e9 le soutien de la Gambie \u00e0 l&#8217;int\u00e9grit\u00e9 territoriale et \u00e0 la souverainet\u00e9 du Royaume du Maroc sur l&#8217;ensemble de son territoire, y compris la r\u00e9gion du Sahara\u00bb, et \u00abr\u00e9it\u00e9r\u00e9 le plein soutien de la R\u00e9publique de Gambie au Plan d&#8217;autonomie marocain, comme la seule solution cr\u00e9dible, s\u00e9rieuse et r\u00e9aliste pour la r\u00e9solution de cette question\u00bb.<\/p>\n<p>Dans ce sens, le ministre gambien a \u00ab salu\u00e9 le consensus international grandissant, impuls\u00e9 par Sa Majest\u00e9 le Roi Mohammed VI, en faveur du Plan d&#8217;autonomie et de la souverainet\u00e9 du Maroc sur son Sahara \u00bb, tout en rappelant que \u00ab la R\u00e9publique de Gambie a \u00e9t\u00e9 le premier pays \u00e0 ouvrir un Consulat g\u00e9n\u00e9ral \u00e0 Dakhla, en janvier 2020 \u00bb.<br \/>\n(m\u00e9dias)<\/p>\n","protected":false},"excerpt":{"rendered":"<p>La R\u00e9publique de Gambie a r\u00e9it\u00e9r\u00e9, le 23 juillet courant, son soutien \u00e0 la souverainet\u00e9 du Maroc sur la r\u00e9gion du Sahara et \u00e0 l\u2019Initiative d\u2019autonomie comme la seule solution pour la r\u00e9solution du diff\u00e9rend r\u00e9gional autour du Sahara. Cette position claire et constante a \u00e9t\u00e9 r\u00e9affirm\u00e9e dans un communiqu\u00e9 conjoint sign\u00e9 \u00e0 l\u2019issue des &hellip;<\/p>\n","protected":false},"author":2,"featured_media":17097,"comment_status":"open","ping_status":"open","sticky":false,"template":"","format":"standard","meta":{"footnotes":""},"categories":[18,29],"tags":[],"class_list":["post-17096","post","type-post","status-publish","format-standard","has-post-thumbnail","hentry","category-actualites","category-monde"],"_links":{"self":[{"href":"https:\/\/ladepeche.mr\/index.php?rest_route=\/wp\/v2\/posts\/17096","targetHints":{"allow":["GET"]}}],"collection":[{"href":"https:\/\/ladepeche.mr\/index.php?rest_route=\/wp\/v2\/posts"}],"about":[{"href":"https:\/\/ladepeche.mr\/index.php?rest_route=\/wp\/v2\/types\/post"}],"author":[{"embeddable":true,"href":"https:\/\/ladepeche.mr\/index.php?rest_route=\/wp\/v2\/users\/2"}],"replies":[{"embeddable":true,"href":"https:\/\/ladepeche.mr\/index.php?rest_route=%2Fwp%2Fv2%2Fcomments&post=17096"}],"version-history":[{"count":1,"href":"https:\/\/ladepeche.mr\/index.php?rest_route=\/wp\/v2\/posts\/17096\/revisions"}],"predecessor-version":[{"id":17098,"href":"https:\/\/ladepeche.mr\/index.php?rest_route=\/wp\/v2\/posts\/17096\/revisions\/17098"}],"wp:featuredmedia":[{"embeddable":true,"href":"https:\/\/ladepeche.mr\/index.php?rest_route=\/wp\/v2\/media\/17097"}],"wp:attachment":[{"href":"https:\/\/ladepeche.mr\/index.php?rest_route=%2Fwp%2Fv2%2Fmedia&parent=17096"}],"wp:term":[{"taxonomy":"category","embeddable":true,"href":"https:\/\/ladepeche.mr\/index.php?rest_route=%2Fwp%2Fv2%2Fcategories&post=17096"},{"taxonomy":"post_tag","embeddable":true,"href":"https:\/\/ladepeche.mr\/index.php?rest_route=%2Fwp%2Fv2%2Ftags&post=17096"}],"curies":[{"name":"wp","href":"https:\/\/api.w.org\/{rel}","templated":true}]}}