{"id":17099,"date":"2025-07-24T12:48:56","date_gmt":"2025-07-24T12:48:56","guid":{"rendered":"https:\/\/ladepeche.mr\/?p=17099"},"modified":"2025-07-24T12:48:56","modified_gmt":"2025-07-24T12:48:56","slug":"convention-miniere-type-le-gouvernement-introduit-de-nouvelles-mesures-pour-booster-la-contribution-du-secteur","status":"publish","type":"post","link":"https:\/\/ladepeche.mr\/?p=17099","title":{"rendered":"Convention mini\u00e8re type : le gouvernement introduit de nouvelles mesures pour booster la contribution du secteur"},"content":{"rendered":"<p>Moderniser le cadre juridique en mati\u00e8re mini\u00e8re, am\u00e9liorer la transparence dans la gestion des ressources naturelles, et accro\u00eetre l\u2019attractivit\u00e9 du pays pour les investisseurs, tout en assurant une meilleure valorisation \u00e9conomique et sociale de ce secteur strat\u00e9gique pour le pays, telle est l\u2019ambition d\u2019un nouveau projet de loi exhortant \u00e0 une convention mini\u00e8re type.<br \/>\nLe projet de loi a \u00e9t\u00e9 pr\u00e9sent\u00e9 mercredi par le ministre des mines, THIAM Tidjani , devant le conseil des ministres s\u2019inscrit dans le cadre des r\u00e9formes structurelles engag\u00e9es pour renforcer la gouvernance du secteur extractif en Mauritanie. Avec cette r\u00e9forme, les autorit\u00e9s entendent poser les bases d\u2019un secteur minier mieux ancr\u00e9 \u00e0 l\u2019\u00e9conomie du pays, durable et porteur de retomb\u00e9es positives pour l\u2019\u00e9conomie nationale.<br \/>\nLa nouvelle r\u00e9forme introduit de nouvelles mesures concernant de nouvelles conditions de renouvellement des conventions mini\u00e8res. Ce renouvellement est d\u00e9sormais conditionn\u00e9 au respect strict des obligations contractuelles et r\u00e9glementaires par les parties durant toute la dur\u00e9e de validit\u00e9 du contrat. Une autre mesure reconnait l\u2019obligation d\u2019une participation de l\u2019Etat au capital des soci\u00e9t\u00e9s d\u2019exploitation. Avec toutefois l\u2019exception que cette obligation n\u2019a pas d\u2019effet r\u00e9troactif pour les entreprises cr\u00e9\u00e9es avant l\u2019entr\u00e9e en vigueur de la loi de 2012 (n\u00b0 2012-012 du 12 f\u00e9vrier 2012). Dans ce nouveau texte, et au regard des d\u00e9fis climatiques, il est institu\u00e9 une taxe carbone et le renforcement de la conformit\u00e9 environnementale (responsabilit\u00e9-durabilit\u00e9). Un accent est \u00e9galement port\u00e9 sur l\u2019application, sans concession, sur le contenu local et enfin une contribution annuelle \u00e0 la formation d\u20191% du b\u00e9n\u00e9fice des soci\u00e9t\u00e9s mini\u00e8res.<\/p>\n","protected":false},"excerpt":{"rendered":"<p>Moderniser le cadre juridique en mati\u00e8re mini\u00e8re, am\u00e9liorer la transparence dans la gestion des ressources naturelles, et accro\u00eetre l\u2019attractivit\u00e9 du pays pour les investisseurs, tout en assurant une meilleure valorisation \u00e9conomique et sociale de ce secteur strat\u00e9gique pour le pays, telle est l\u2019ambition d\u2019un nouveau projet de loi exhortant \u00e0 une convention mini\u00e8re type. Le &hellip;<\/p>\n","protected":false},"author":2,"featured_media":13760,"comment_status":"open","ping_status":"open","sticky":false,"template":"","format":"standard","meta":{"footnotes":""},"categories":[18,2],"tags":[],"class_list":["post-17099","post","type-post","status-publish","format-standard","has-post-thumbnail","hentry","category-actualites","category-economie"],"_links":{"self":[{"href":"https:\/\/ladepeche.mr\/index.php?rest_route=\/wp\/v2\/posts\/17099","targetHints":{"allow":["GET"]}}],"collection":[{"href":"https:\/\/ladepeche.mr\/index.php?rest_route=\/wp\/v2\/posts"}],"about":[{"href":"https:\/\/ladepeche.mr\/index.php?rest_route=\/wp\/v2\/types\/post"}],"author":[{"embeddable":true,"href":"https:\/\/ladepeche.mr\/index.php?rest_route=\/wp\/v2\/users\/2"}],"replies":[{"embeddable":true,"href":"https:\/\/ladepeche.mr\/index.php?rest_route=%2Fwp%2Fv2%2Fcomments&post=17099"}],"version-history":[{"count":1,"href":"https:\/\/ladepeche.mr\/index.php?rest_route=\/wp\/v2\/posts\/17099\/revisions"}],"predecessor-version":[{"id":17100,"href":"https:\/\/ladepeche.mr\/index.php?rest_route=\/wp\/v2\/posts\/17099\/revisions\/17100"}],"wp:featuredmedia":[{"embeddable":true,"href":"https:\/\/ladepeche.mr\/index.php?rest_route=\/wp\/v2\/media\/13760"}],"wp:attachment":[{"href":"https:\/\/ladepeche.mr\/index.php?rest_route=%2Fwp%2Fv2%2Fmedia&parent=17099"}],"wp:term":[{"taxonomy":"category","embeddable":true,"href":"https:\/\/ladepeche.mr\/index.php?rest_route=%2Fwp%2Fv2%2Fcategories&post=17099"},{"taxonomy":"post_tag","embeddable":true,"href":"https:\/\/ladepeche.mr\/index.php?rest_route=%2Fwp%2Fv2%2Ftags&post=17099"}],"curies":[{"name":"wp","href":"https:\/\/api.w.org\/{rel}","templated":true}]}}