{"id":17101,"date":"2025-07-24T13:10:52","date_gmt":"2025-07-24T13:10:52","guid":{"rendered":"https:\/\/ladepeche.mr\/?p=17101"},"modified":"2025-07-24T13:03:02","modified_gmt":"2025-07-24T13:03:02","slug":"efficacite-des-depenses-publiques-le-gouvernement-approuve-un-accord-de-financement-de-plus-de-46-millions-deuros-avec-lida","status":"publish","type":"post","link":"https:\/\/ladepeche.mr\/?p=17101","title":{"rendered":"Efficacit\u00e9 des d\u00e9penses publiques: le gouvernement approuve un accord de financement de plus de 46 millions d\u2019euros avec l\u2019IDA"},"content":{"rendered":"<p>Le gouvernement mauritanien a donn\u00e9 son feu vert, mercredi, \u00e0 un projet de loi autorisant la ratification d\u2019un accord de financement conclu avec l\u2019Association Internationale de D\u00e9veloppement (IDA). Sign\u00e9 le 28 juin dernier, cet accord vise \u00e0 soutenir l\u2019Op\u00e9ration d\u2019Efficacit\u00e9 des D\u00e9penses Publiques, un programme destin\u00e9 \u00e0 renforcer la gestion des finances publiques et \u00e0 am\u00e9liorer la redevabilit\u00e9 des institutions.<br \/>\nCe projet s\u2019inscrit dans le cadre d\u2019une r\u00e9forme plus large de la gestion des finances publiques, men\u00e9e sur la p\u00e9riode 2025-2030. Objectif : accro\u00eetre l&#8217;efficacit\u00e9 des d\u00e9penses sociales, optimiser les recettes fiscales, am\u00e9liorer la gestion de la dette et garantir une transparence accrue dans l\u2019\u00e9laboration et l\u2019ex\u00e9cution du budget.<br \/>\nLe programme vise \u00e9galement \u00e0 \u00e9largir l\u2019espace budg\u00e9taire, permettant ainsi d\u2019augmenter les investissements dans les secteurs prioritaires sans compromettre tr\u00e9sorerie du pays. Le gouvernement souhaiterait ainsi aligner les d\u00e9penses publiques sur les priorit\u00e9s nationales et am\u00e9liorer l&#8217;acc\u00e8s aux services essentiels, notamment dans l\u2019\u00e9ducation et la sant\u00e9.<br \/>\nLe financement global de cette op\u00e9ration s\u2019\u00e9l\u00e8ve \u00e0 46,3 millions d\u2019euros, soit environ 2,165 milliards d\u2019ouguiyas MRU. Il se d\u00e9cline en deux volets :<br \/>\n\u2022 Cr\u00e9dit A, d\u2019un montant de 17,6 millions d\u2019euros, sera rembours\u00e9 sur 30 ans, avec un diff\u00e9r\u00e9 de 5 ans. Ce cr\u00e9dit est assorti d\u2019un taux d\u2019int\u00e9r\u00eat annuel de 1,25 % sur le montant d\u00e9caiss\u00e9, et d\u2019une commission de service de 0,75 % sur les fonds non encore d\u00e9caiss\u00e9s.<br \/>\n\u2022 Cr\u00e9dit B, d\u2019un montant de 28,7 millions d\u2019euros, est quant \u00e0 lui remboursable sur 12 ans, avec un diff\u00e9r\u00e9 de 6 ans. Il inclut une commission d\u2019engagement de 0,5 % par an sur les sommes non d\u00e9caiss\u00e9es.<br \/>\nCe nouvel appui financier s\u2019inscrit, rappelle-t-on, dans la strat\u00e9gie nationale de modernisation de la gestion publique, un levier jug\u00e9 essentiel pour atteindre les objectifs de d\u00e9veloppement durable dans notre pays.<\/p>\n","protected":false},"excerpt":{"rendered":"<p>Le gouvernement mauritanien a donn\u00e9 son feu vert, mercredi, \u00e0 un projet de loi autorisant la ratification d\u2019un accord de financement conclu avec l\u2019Association Internationale de D\u00e9veloppement (IDA). Sign\u00e9 le 28 juin dernier, cet accord vise \u00e0 soutenir l\u2019Op\u00e9ration d\u2019Efficacit\u00e9 des D\u00e9penses Publiques, un programme destin\u00e9 \u00e0 renforcer la gestion des finances publiques et \u00e0 &hellip;<\/p>\n","protected":false},"author":2,"featured_media":17088,"comment_status":"open","ping_status":"open","sticky":false,"template":"","format":"standard","meta":{"footnotes":""},"categories":[18,2],"tags":[],"class_list":["post-17101","post","type-post","status-publish","format-standard","has-post-thumbnail","hentry","category-actualites","category-economie"],"_links":{"self":[{"href":"https:\/\/ladepeche.mr\/index.php?rest_route=\/wp\/v2\/posts\/17101","targetHints":{"allow":["GET"]}}],"collection":[{"href":"https:\/\/ladepeche.mr\/index.php?rest_route=\/wp\/v2\/posts"}],"about":[{"href":"https:\/\/ladepeche.mr\/index.php?rest_route=\/wp\/v2\/types\/post"}],"author":[{"embeddable":true,"href":"https:\/\/ladepeche.mr\/index.php?rest_route=\/wp\/v2\/users\/2"}],"replies":[{"embeddable":true,"href":"https:\/\/ladepeche.mr\/index.php?rest_route=%2Fwp%2Fv2%2Fcomments&post=17101"}],"version-history":[{"count":3,"href":"https:\/\/ladepeche.mr\/index.php?rest_route=\/wp\/v2\/posts\/17101\/revisions"}],"predecessor-version":[{"id":17105,"href":"https:\/\/ladepeche.mr\/index.php?rest_route=\/wp\/v2\/posts\/17101\/revisions\/17105"}],"wp:featuredmedia":[{"embeddable":true,"href":"https:\/\/ladepeche.mr\/index.php?rest_route=\/wp\/v2\/media\/17088"}],"wp:attachment":[{"href":"https:\/\/ladepeche.mr\/index.php?rest_route=%2Fwp%2Fv2%2Fmedia&parent=17101"}],"wp:term":[{"taxonomy":"category","embeddable":true,"href":"https:\/\/ladepeche.mr\/index.php?rest_route=%2Fwp%2Fv2%2Fcategories&post=17101"},{"taxonomy":"post_tag","embeddable":true,"href":"https:\/\/ladepeche.mr\/index.php?rest_route=%2Fwp%2Fv2%2Ftags&post=17101"}],"curies":[{"name":"wp","href":"https:\/\/api.w.org\/{rel}","templated":true}]}}