{"id":17106,"date":"2025-07-24T13:40:34","date_gmt":"2025-07-24T13:40:34","guid":{"rendered":"https:\/\/ladepeche.mr\/?p=17106"},"modified":"2025-07-24T13:45:57","modified_gmt":"2025-07-24T13:45:57","slug":"lutte-contre-le-blanchiment-de-capitaux-la-mauritanie-affute-ses-armes-en-vue-de-sa-prochaine-evaluation-internationale","status":"publish","type":"post","link":"https:\/\/ladepeche.mr\/?p=17106","title":{"rendered":"Lutte contre le blanchiment de capitaux : derniers r\u00e9glages avant l&#8217;\u00e9valuation internationale"},"content":{"rendered":"<p>Le Comit\u00e9 National de Lutte contre le Blanchiment de Capitaux et le Financement du Terrorisme (CNBC\/LBC-FT) s\u2019est r\u00e9uni ce mercredi sous la pr\u00e9sidence du Gouverneur de la BCM, Dr Mohamed Lemine Dhehbi, pr\u00e9sident du Comit\u00e9. \u00c0 l\u2019ordre du jour : l\u2019\u00e9tat d\u2019avancement des pr\u00e9paratifs pour le troisi\u00e8me cycle d\u2019\u00e9valuation mutuelle men\u00e9 par le Groupe d\u2019Action Financi\u00e8re du Moyen-Orient et de l\u2019Afrique du Nord (MENAFATF).<br \/>\nCe processus, jug\u00e9 strat\u00e9gique pour la cr\u00e9dibilit\u00e9 du syst\u00e8me financier mauritanien, b\u00e9n\u00e9ficie d\u2019un fort appui politique. Une circulaire sign\u00e9e le 4 juin dernier par le Premier ministre Mokhtar Ould Diay a appel\u00e9 l\u2019ensemble des institutions concern\u00e9es \u00e0 une mobilisation coordonn\u00e9e.<br \/>\nAu c\u0153ur des \u00e9changes, la dynamique impuls\u00e9e par l\u2019Unit\u00e9 Mauritanienne d\u2019Enqu\u00eates Financi\u00e8res (UMEF), sous la supervision du coordinateur national du programme d\u2019\u00e9valuation. L\u2019UMEF a intensifi\u00e9 ses efforts de coordination, de suivi et de sensibilisation afin d\u2019impliquer activement tous les acteurs concern\u00e9s par la lutte contre le blanchiment, le financement du terrorisme et la prolif\u00e9ration des armes.<br \/>\nUne pr\u00e9sentation technique sur les 40 recommandations du Groupe d\u2019Action Financi\u00e8re (GAFI) a permis de rappeler les standards internationaux en vigueur. Elle a \u00e9galement mis en exergue les principaux d\u00e9fis \u00e0 relever : la disponibilit\u00e9 de donn\u00e9es fiables, la coordination interinstitutionnelle et la d\u00e9monstration concr\u00e8te de l\u2019efficacit\u00e9 des mesures appliqu\u00e9es.<br \/>\nLes membres du Comit\u00e9 ont salu\u00e9 les avanc\u00e9es enregistr\u00e9es et r\u00e9affirm\u00e9 leur soutien \u00e0 l\u2019UMEF. Le pr\u00e9sident du Comit\u00e9 a insist\u00e9 sur l\u2019importance de cette \u00e9valuation, dont les r\u00e9sultats influenceront directement la r\u00e9putation du pays sur la sc\u00e8ne financi\u00e8re internationale.<br \/>\nEn conclusion, un appel a \u00e9t\u00e9 lanc\u00e9 en faveur d\u2019une mobilisation renforc\u00e9e et durable, afin d\u2019int\u00e9grer pleinement les exigences de conformit\u00e9 et d\u2019efficacit\u00e9 au sein des politiques nationales.<br \/>\nLa Mauritanie, faut-il le rappeler, avait abrit\u00e9 la 37e R\u00e9union du Groupe d\u2019Action Financi\u00e8re du Moyen-Orient et de l\u2019Afrique du Nord (MENAFATF), tenue \u00e0 Nouakchott, en d\u00e9cembre 2023. Une r\u00e9union, dirig\u00e9e par Dr Mohamed-Lemine DHEHBY, Gouverneur de la Banque Centrale de Mauritanie, et qui avait permis d\u2019examiner en d\u00e9tail la strat\u00e9gie globale de la Banque Centrale, qui a conduit la Mauritanie \u00e0 obtenir de bons r\u00e9sultats dans la majorit\u00e9 des recommandations du MENAFATF ; tout comme elle avait mis en lumi\u00e8re l\u2019engagement des autorit\u00e9s mauritaniennes envers le MENAFATF et l\u2019importance strat\u00e9gique que le pays accorde \u00e0 la coop\u00e9ration r\u00e9gionale et internationale pour renforcer la s\u00e9curit\u00e9 financi\u00e8re.<br \/>\nLe MENAFATF, fond\u00e9 en 2004, joue un r\u00f4le crucial dans la lutte contre le blanchiment d\u2019argent et le financement du terrorisme.<br \/>\n(avec m\u00e9dias)<\/p>\n","protected":false},"excerpt":{"rendered":"<p>Le Comit\u00e9 National de Lutte contre le Blanchiment de Capitaux et le Financement du Terrorisme (CNBC\/LBC-FT) s\u2019est r\u00e9uni ce mercredi sous la pr\u00e9sidence du Gouverneur de la BCM, Dr Mohamed Lemine Dhehbi, pr\u00e9sident du Comit\u00e9. \u00c0 l\u2019ordre du jour : l\u2019\u00e9tat d\u2019avancement des pr\u00e9paratifs pour le troisi\u00e8me cycle d\u2019\u00e9valuation mutuelle men\u00e9 par le Groupe d\u2019Action &hellip;<\/p>\n","protected":false},"author":2,"featured_media":17107,"comment_status":"open","ping_status":"open","sticky":false,"template":"","format":"standard","meta":{"footnotes":""},"categories":[18,2],"tags":[],"class_list":["post-17106","post","type-post","status-publish","format-standard","has-post-thumbnail","hentry","category-actualites","category-economie"],"_links":{"self":[{"href":"https:\/\/ladepeche.mr\/index.php?rest_route=\/wp\/v2\/posts\/17106","targetHints":{"allow":["GET"]}}],"collection":[{"href":"https:\/\/ladepeche.mr\/index.php?rest_route=\/wp\/v2\/posts"}],"about":[{"href":"https:\/\/ladepeche.mr\/index.php?rest_route=\/wp\/v2\/types\/post"}],"author":[{"embeddable":true,"href":"https:\/\/ladepeche.mr\/index.php?rest_route=\/wp\/v2\/users\/2"}],"replies":[{"embeddable":true,"href":"https:\/\/ladepeche.mr\/index.php?rest_route=%2Fwp%2Fv2%2Fcomments&post=17106"}],"version-history":[{"count":3,"href":"https:\/\/ladepeche.mr\/index.php?rest_route=\/wp\/v2\/posts\/17106\/revisions"}],"predecessor-version":[{"id":17110,"href":"https:\/\/ladepeche.mr\/index.php?rest_route=\/wp\/v2\/posts\/17106\/revisions\/17110"}],"wp:featuredmedia":[{"embeddable":true,"href":"https:\/\/ladepeche.mr\/index.php?rest_route=\/wp\/v2\/media\/17107"}],"wp:attachment":[{"href":"https:\/\/ladepeche.mr\/index.php?rest_route=%2Fwp%2Fv2%2Fmedia&parent=17106"}],"wp:term":[{"taxonomy":"category","embeddable":true,"href":"https:\/\/ladepeche.mr\/index.php?rest_route=%2Fwp%2Fv2%2Fcategories&post=17106"},{"taxonomy":"post_tag","embeddable":true,"href":"https:\/\/ladepeche.mr\/index.php?rest_route=%2Fwp%2Fv2%2Ftags&post=17106"}],"curies":[{"name":"wp","href":"https:\/\/api.w.org\/{rel}","templated":true}]}}