{"id":17112,"date":"2025-07-25T13:00:15","date_gmt":"2025-07-25T13:00:15","guid":{"rendered":"https:\/\/ladepeche.mr\/?p=17112"},"modified":"2025-07-25T13:00:15","modified_gmt":"2025-07-25T13:00:15","slug":"a-oeiras-le-maroc-met-en-lumiere-les-atouts-maritimes-de-ses-provinces-du-sud","status":"publish","type":"post","link":"https:\/\/ladepeche.mr\/?p=17112","title":{"rendered":"\u00c0 Oeiras, le Maroc met en lumi\u00e8re les atouts maritimes de ses provinces du Sud"},"content":{"rendered":"<p>Le Maroc a jou\u00e9 un r\u00f4le central au Oeiras Bluetech OceanForum 2025, organis\u00e9 du 21 au 23 juillet \u00e0 Oeiras, au Portugal, consacr\u00e9 \u00e0 l\u2019innovation maritime, \u00e0 la d\u00e9carbonation portuaire et \u00e0 la coop\u00e9ration transcontinentale. <\/p>\n<p>Cet \u00e9v\u00e9nement a rassembl\u00e9 des repr\u00e9sentants institutionnels, des acteurs \u00e9conomiques, des experts internationaux et des partenaires issus d\u2019Europe, d\u2019Afrique et d\u2019Asie, autour des nouveaux mod\u00e8les technologiques de d\u00e9veloppement durable des oc\u00e9ans et de la valorisation des ressources marines.<\/p>\n<p>Le Royaume du Maroc a \u00e9t\u00e9 la voix du continent africain lors de ce forum, en mettant en avant les enjeux et les opportunit\u00e9s li\u00e9s au d\u00e9veloppement de l\u2019\u00e9conomie bleue en Afrique. Cette participation s\u2019est inscrite dans une dynamique positive et \u00e9volutive renforc\u00e9e par la r\u00e9cente annonce du Portugal exprimant son appui au plan marocain d\u2019autonomie pour le Sahara reconnu sur la sc\u00e8ne internationale comme la base la plus s\u00e9rieuse et cr\u00e9dible pour le r\u00e8glement du diff\u00e9rend autour du Sahara Marocain.<\/p>\n<p>Dans ce cadre, Mohammed Jifer, directeur du Centre R\u00e9gional d\u2019Investissement de La\u00e2youne, a mis en avant les opportunit\u00e9s offertes dans les provinces du Sud, notamment dans l\u2019aquaculture, les biotechnologies marines et le d\u00e9veloppement portuaire. Il a rappel\u00e9 que ces projets s\u2019inscrivent dans le Nouveau Mod\u00e8le de D\u00e9veloppement lanc\u00e9 en 2016 sous l\u2019impulsion royale, qui garantit une stabilit\u00e9 institutionnelle et un environnement propice aux investissements.<\/p>\n<p>Sarra Sefrioui, Professeure de droit de la mer \u00e0 l\u2019Universit\u00e9 Abdelmalek Essa\u00e2di de Tanger, a pr\u00e9sent\u00e9 la vision strat\u00e9gique du Royaume pour une \u00e9conomie bleue durable, reposant sur un cadre juridique s\u00e9curis\u00e9, align\u00e9 sur les conventions internationales et appuy\u00e9 par des accords de coop\u00e9ration renforc\u00e9s, notamment avec l\u2019Union europ\u00e9enne. Elle a \u00e9galement mis en avant le r\u00f4le des provinces du Sud comme hub g\u00e9o \u2011\u00e9conomique reliant l\u2019Afrique de l\u2019Ouest, l\u2019Europe et la Chine, facilitant les \u00e9changes commerciaux et les investissements \u00e0 long terme.<\/p>\n<p>Limam Bousif, directeur de Techla Frigo \u00e0 Dakhla, a mis en lumi\u00e8re le Port Atlantique de Dakhla, l\u2019un des projets phares du Nouveau Mod\u00e8le de D\u00e9veloppement des provinces du Sud. D\u2019un investissement de plus de 12 milliards de dirhams, cette infrastructure de nouvelle g\u00e9n\u00e9ration int\u00e8gre des solutions en \u00e9nergies renouvelables, des corridors maritimes d\u00e9carbon\u00e9s et la production de carburants verts. Elle illustre la volont\u00e9 du Maroc de doter ses r\u00e9gions atlantiques d\u2019\u00e9quipements modernes, durables et connect\u00e9s, tout en contribuant \u00e0 l\u2019objectif national de neutralit\u00e9 carbone \u00e0 l\u2019horizon 2050 et en renfor\u00e7ant leur r\u00f4le de hub \u00e9conomique reliant l\u2019Europe, l\u2019Afrique et l\u2019Atlantique.<\/p>\n<p>La pr\u00e9sence marocaine a \u00e9t\u00e9 qualifi\u00e9e de remarquable par les organisateurs du forum, qui ont soulign\u00e9 que le Royaume figure parmi les partenaires internationaux les plus dynamiques du Portugal, aux c\u00f4t\u00e9s de la Chine et des Pays-Bas.<\/p>\n","protected":false},"excerpt":{"rendered":"<p>Le Maroc a jou\u00e9 un r\u00f4le central au Oeiras Bluetech OceanForum 2025, organis\u00e9 du 21 au 23 juillet \u00e0 Oeiras, au Portugal, consacr\u00e9 \u00e0 l\u2019innovation maritime, \u00e0 la d\u00e9carbonation portuaire et \u00e0 la coop\u00e9ration transcontinentale. Cet \u00e9v\u00e9nement a rassembl\u00e9 des repr\u00e9sentants institutionnels, des acteurs \u00e9conomiques, des experts internationaux et des partenaires issus d\u2019Europe, d\u2019Afrique et &hellip;<\/p>\n","protected":false},"author":2,"featured_media":17113,"comment_status":"open","ping_status":"open","sticky":false,"template":"","format":"standard","meta":{"footnotes":""},"categories":[18,29],"tags":[],"class_list":["post-17112","post","type-post","status-publish","format-standard","has-post-thumbnail","hentry","category-actualites","category-monde"],"_links":{"self":[{"href":"https:\/\/ladepeche.mr\/index.php?rest_route=\/wp\/v2\/posts\/17112","targetHints":{"allow":["GET"]}}],"collection":[{"href":"https:\/\/ladepeche.mr\/index.php?rest_route=\/wp\/v2\/posts"}],"about":[{"href":"https:\/\/ladepeche.mr\/index.php?rest_route=\/wp\/v2\/types\/post"}],"author":[{"embeddable":true,"href":"https:\/\/ladepeche.mr\/index.php?rest_route=\/wp\/v2\/users\/2"}],"replies":[{"embeddable":true,"href":"https:\/\/ladepeche.mr\/index.php?rest_route=%2Fwp%2Fv2%2Fcomments&post=17112"}],"version-history":[{"count":1,"href":"https:\/\/ladepeche.mr\/index.php?rest_route=\/wp\/v2\/posts\/17112\/revisions"}],"predecessor-version":[{"id":17114,"href":"https:\/\/ladepeche.mr\/index.php?rest_route=\/wp\/v2\/posts\/17112\/revisions\/17114"}],"wp:featuredmedia":[{"embeddable":true,"href":"https:\/\/ladepeche.mr\/index.php?rest_route=\/wp\/v2\/media\/17113"}],"wp:attachment":[{"href":"https:\/\/ladepeche.mr\/index.php?rest_route=%2Fwp%2Fv2%2Fmedia&parent=17112"}],"wp:term":[{"taxonomy":"category","embeddable":true,"href":"https:\/\/ladepeche.mr\/index.php?rest_route=%2Fwp%2Fv2%2Fcategories&post=17112"},{"taxonomy":"post_tag","embeddable":true,"href":"https:\/\/ladepeche.mr\/index.php?rest_route=%2Fwp%2Fv2%2Ftags&post=17112"}],"curies":[{"name":"wp","href":"https:\/\/api.w.org\/{rel}","templated":true}]}}