{"id":17115,"date":"2025-07-25T20:21:37","date_gmt":"2025-07-25T20:21:37","guid":{"rendered":"https:\/\/ladepeche.mr\/?p=17115"},"modified":"2025-07-25T20:21:37","modified_gmt":"2025-07-25T20:21:37","slug":"la-mauritanie-condamne-ladoption-par-la-knesset-israelienne-dun-projet-de-loi-imposant-la-souverainete-israelienne-sur-la-cisjordanie-occupee","status":"publish","type":"post","link":"https:\/\/ladepeche.mr\/?p=17115","title":{"rendered":"La Mauritanie condamne l\u2019adoption par la Knesset isra\u00e9lienne d\u2019un projet de loi imposant la souverainet\u00e9 isra\u00e9lienne sur la Cisjordanie occup\u00e9e"},"content":{"rendered":"<p>La R\u00e9publique islamique de Mauritanie a condamn\u00e9 fermement l\u2019adoption par la Knesset isra\u00e9lienne d\u2019un projet de loi imposant la souverainet\u00e9 isra\u00e9lienne sur la Cisjordanie occup\u00e9e, soulignant qu\u2019il s\u2019agit d\u2019une violation flagrante du droit international et des r\u00e9solutions du Conseil de s\u00e9curit\u00e9 et de l\u2019Assembl\u00e9e g\u00e9n\u00e9rale des Nations unies.<\/p>\n<p>Dans un communiqu\u00e9 du minist\u00e8re des Affaires \u00e9trang\u00e8res, de la Coop\u00e9ration africaine et des Mauritaniens \u00e0 l\u2019Ext\u00e9rieur, dont l\u2019AMI a obtenu une copie. Le minist\u00e8re affirme qu\u2019une telle mesure unilat\u00e9rale constituait une escalade injustifi\u00e9e, sapait les chances de paix et mena\u00e7ait s\u00e9rieusement les fondements de la solution \u00e0 deux \u00c9tats. Le minist\u00e8re pr\u00e9cise qu\u2019elle va \u00e9galement \u00e0 l\u2019encontre de la volont\u00e9 de la communaut\u00e9 internationale, qui insiste sur la n\u00e9cessit\u00e9 de cr\u00e9er un \u00c9tat palestinien ind\u00e9pendant sur les fronti\u00e8res du 4 juin 1967, avec pour capitale J\u00e9rusalem-Est.<\/p>\n<p>Le communiqu\u00e9 a r\u00e9affirm\u00e9 enfin la position in\u00e9branlable de la Mauritanie en faveur de la lutte du peuple palestinien fr\u00e8re, et a appel\u00e9 la communaut\u00e9 internationale et les organisations r\u00e9gionales et internationales \u00e0 assumer leurs responsabilit\u00e9s juridiques et morales afin de prot\u00e9ger le peuple palestinien.<br \/>\nAmi<\/p>\n","protected":false},"excerpt":{"rendered":"<p>La R\u00e9publique islamique de Mauritanie a condamn\u00e9 fermement l\u2019adoption par la Knesset isra\u00e9lienne d\u2019un projet de loi imposant la souverainet\u00e9 isra\u00e9lienne sur la Cisjordanie occup\u00e9e, soulignant qu\u2019il s\u2019agit d\u2019une violation flagrante du droit international et des r\u00e9solutions du Conseil de s\u00e9curit\u00e9 et de l\u2019Assembl\u00e9e g\u00e9n\u00e9rale des Nations unies. Dans un communiqu\u00e9 du minist\u00e8re des Affaires &hellip;<\/p>\n","protected":false},"author":2,"featured_media":17116,"comment_status":"open","ping_status":"open","sticky":false,"template":"","format":"standard","meta":{"footnotes":""},"categories":[18,29],"tags":[],"class_list":["post-17115","post","type-post","status-publish","format-standard","has-post-thumbnail","hentry","category-actualites","category-monde"],"_links":{"self":[{"href":"https:\/\/ladepeche.mr\/index.php?rest_route=\/wp\/v2\/posts\/17115","targetHints":{"allow":["GET"]}}],"collection":[{"href":"https:\/\/ladepeche.mr\/index.php?rest_route=\/wp\/v2\/posts"}],"about":[{"href":"https:\/\/ladepeche.mr\/index.php?rest_route=\/wp\/v2\/types\/post"}],"author":[{"embeddable":true,"href":"https:\/\/ladepeche.mr\/index.php?rest_route=\/wp\/v2\/users\/2"}],"replies":[{"embeddable":true,"href":"https:\/\/ladepeche.mr\/index.php?rest_route=%2Fwp%2Fv2%2Fcomments&post=17115"}],"version-history":[{"count":1,"href":"https:\/\/ladepeche.mr\/index.php?rest_route=\/wp\/v2\/posts\/17115\/revisions"}],"predecessor-version":[{"id":17117,"href":"https:\/\/ladepeche.mr\/index.php?rest_route=\/wp\/v2\/posts\/17115\/revisions\/17117"}],"wp:featuredmedia":[{"embeddable":true,"href":"https:\/\/ladepeche.mr\/index.php?rest_route=\/wp\/v2\/media\/17116"}],"wp:attachment":[{"href":"https:\/\/ladepeche.mr\/index.php?rest_route=%2Fwp%2Fv2%2Fmedia&parent=17115"}],"wp:term":[{"taxonomy":"category","embeddable":true,"href":"https:\/\/ladepeche.mr\/index.php?rest_route=%2Fwp%2Fv2%2Fcategories&post=17115"},{"taxonomy":"post_tag","embeddable":true,"href":"https:\/\/ladepeche.mr\/index.php?rest_route=%2Fwp%2Fv2%2Ftags&post=17115"}],"curies":[{"name":"wp","href":"https:\/\/api.w.org\/{rel}","templated":true}]}}