{"id":17118,"date":"2025-07-25T20:23:36","date_gmt":"2025-07-25T20:23:36","guid":{"rendered":"https:\/\/ladepeche.mr\/?p=17118"},"modified":"2025-07-25T20:23:36","modified_gmt":"2025-07-25T20:23:36","slug":"parlement-la-conference-des-presidents-renvoie-des-projets-de-loi-aux-commissions-techniques-competentes-pour-examen-preliminaire","status":"publish","type":"post","link":"https:\/\/ladepeche.mr\/?p=17118","title":{"rendered":"Parlement : La Conf\u00e9rence des Pr\u00e9sidents renvoie des projets de loi aux commissions techniques comp\u00e9tentes pour examen pr\u00e9liminaire"},"content":{"rendered":"<p>La Conf\u00e9rence des Pr\u00e9sidents de l\u2019Assembl\u00e9e nationale s\u2019est r\u00e9unie, ce vendredi, sous la pr\u00e9sidence de M. Mohamed Bamba Meguett, Pr\u00e9sident de l\u2019Assembl\u00e9e.<\/p>\n<p>Le gouvernement \u00e9tait repr\u00e9sent\u00e9 \u00e0 la r\u00e9union par la ministre de l\u2019Action Sociale, de l\u2019Enfance et de la Famille, Mme Safia Ntahah, ministre de la Culture, des Arts, de la Communication et des Relations avec le Parlement, par int\u00e9rim.<\/p>\n<p>La Conf\u00e9rence des Pr\u00e9sidents a programm\u00e9 les projets de loi suivants et les a renvoy\u00e9s aux commissions techniques comp\u00e9tentes pour examen pr\u00e9liminaire:<\/p>\n<p>\u2013 Projet de loi relatif \u00e0 l\u2019accord de pr\u00eat sign\u00e9 le 28 mai 2025 entre la R\u00e9publique Islamique de Mauritanie et la Banque Islamique de D\u00e9veloppement, destin\u00e9 au financement du projet de renforcement de la r\u00e9silience rurale en Mauritanie par la gestion et le d\u00e9veloppement des ressources en eau \u00e0 des fins domestiques, productives et \u00e9cosyst\u00e9miques;<\/p>\n<p>\u2013 Projet de loi comprenant l\u2019accord de pr\u00eat sign\u00e9 le 21 mai 2025 entre la R\u00e9publique Islamique de Mauritanie et la Banque Islamique de D\u00e9veloppement, destin\u00e9 au financement du projet d\u2019am\u00e9lioration de la formation professionnelle et de l\u2019emploi des jeunes;<\/p>\n<p>\u2013 Projet de loi relatif \u00e0 un accord-cadre (financement sous forme de vente \u00e0 terme), sign\u00e9 le 21 mai 2025 entre la R\u00e9publique Islamique de Mauritanie et la Banque Islamique de D\u00e9veloppement, destin\u00e9 au financement du projet d\u2019am\u00e9lioration de la formation professionnelle et de l\u2019emploi des jeunes;<\/p>\n<p>\u2013 Projet de loi de finances rectificative pour l\u2019ann\u00e9e 2025.<br \/>\nAmi<\/p>\n","protected":false},"excerpt":{"rendered":"<p>La Conf\u00e9rence des Pr\u00e9sidents de l\u2019Assembl\u00e9e nationale s\u2019est r\u00e9unie, ce vendredi, sous la pr\u00e9sidence de M. Mohamed Bamba Meguett, Pr\u00e9sident de l\u2019Assembl\u00e9e. Le gouvernement \u00e9tait repr\u00e9sent\u00e9 \u00e0 la r\u00e9union par la ministre de l\u2019Action Sociale, de l\u2019Enfance et de la Famille, Mme Safia Ntahah, ministre de la Culture, des Arts, de la Communication et des &hellip;<\/p>\n","protected":false},"author":2,"featured_media":17119,"comment_status":"open","ping_status":"open","sticky":false,"template":"","format":"standard","meta":{"footnotes":""},"categories":[18,31],"tags":[],"class_list":["post-17118","post","type-post","status-publish","format-standard","has-post-thumbnail","hentry","category-actualites","category-politique-et-reportages"],"_links":{"self":[{"href":"https:\/\/ladepeche.mr\/index.php?rest_route=\/wp\/v2\/posts\/17118","targetHints":{"allow":["GET"]}}],"collection":[{"href":"https:\/\/ladepeche.mr\/index.php?rest_route=\/wp\/v2\/posts"}],"about":[{"href":"https:\/\/ladepeche.mr\/index.php?rest_route=\/wp\/v2\/types\/post"}],"author":[{"embeddable":true,"href":"https:\/\/ladepeche.mr\/index.php?rest_route=\/wp\/v2\/users\/2"}],"replies":[{"embeddable":true,"href":"https:\/\/ladepeche.mr\/index.php?rest_route=%2Fwp%2Fv2%2Fcomments&post=17118"}],"version-history":[{"count":1,"href":"https:\/\/ladepeche.mr\/index.php?rest_route=\/wp\/v2\/posts\/17118\/revisions"}],"predecessor-version":[{"id":17120,"href":"https:\/\/ladepeche.mr\/index.php?rest_route=\/wp\/v2\/posts\/17118\/revisions\/17120"}],"wp:featuredmedia":[{"embeddable":true,"href":"https:\/\/ladepeche.mr\/index.php?rest_route=\/wp\/v2\/media\/17119"}],"wp:attachment":[{"href":"https:\/\/ladepeche.mr\/index.php?rest_route=%2Fwp%2Fv2%2Fmedia&parent=17118"}],"wp:term":[{"taxonomy":"category","embeddable":true,"href":"https:\/\/ladepeche.mr\/index.php?rest_route=%2Fwp%2Fv2%2Fcategories&post=17118"},{"taxonomy":"post_tag","embeddable":true,"href":"https:\/\/ladepeche.mr\/index.php?rest_route=%2Fwp%2Fv2%2Ftags&post=17118"}],"curies":[{"name":"wp","href":"https:\/\/api.w.org\/{rel}","templated":true}]}}