{"id":17121,"date":"2025-07-25T21:09:48","date_gmt":"2025-07-25T21:09:48","guid":{"rendered":"https:\/\/ladepeche.mr\/?p=17121"},"modified":"2025-07-25T21:09:48","modified_gmt":"2025-07-25T21:09:48","slug":"mauritanie-des-guichets-dedies-aux-senegalais-dans-les-centres-detat-civil","status":"publish","type":"post","link":"https:\/\/ladepeche.mr\/?p=17121","title":{"rendered":"Mauritanie : des guichets d\u00e9di\u00e9s aux S\u00e9n\u00e9galais dans les centres d\u2019\u00e9tat civil"},"content":{"rendered":"<p>Le minist\u00e8re s\u00e9n\u00e9galais de l\u2019Int\u00e9gration africaine et des Affaires \u00e9trang\u00e8res annonce que, d\u00e8s demain, samedi 26 juillet 2025, deux guichets exclusivement r\u00e9serv\u00e9s aux ressortissants s\u00e9n\u00e9galais seront ouverts dans chaque centre d\u2019\u00e9tat civil en Mauritanie.<\/p>\n<p>Selon un communiqu\u00e9 publi\u00e9 ce vendredi 25 juillet, \u00ab ces guichets fonctionneront tous les samedis jusqu\u2019\u00e0 ce que toutes les demandes en attente soient trait\u00e9es \u00bb.<\/p>\n<p>Pour les d\u00e9marches en semaine, les S\u00e9n\u00e9galais pourront se rendre dans les deux centres d\u00e9di\u00e9s aux ressortissants \u00e9trangers, sans b\u00e9n\u00e9ficier d\u2019un traitement prioritaire.<\/p>\n<p>https:\/\/www.seneweb.com\/news\/Diplomatie\/mauritanie-des-guichets-dedies-aux-seneg_n_476668.html#depeches<\/p>\n","protected":false},"excerpt":{"rendered":"<p>Le minist\u00e8re s\u00e9n\u00e9galais de l\u2019Int\u00e9gration africaine et des Affaires \u00e9trang\u00e8res annonce que, d\u00e8s demain, samedi 26 juillet 2025, deux guichets exclusivement r\u00e9serv\u00e9s aux ressortissants s\u00e9n\u00e9galais seront ouverts dans chaque centre d\u2019\u00e9tat civil en Mauritanie. Selon un communiqu\u00e9 publi\u00e9 ce vendredi 25 juillet, \u00ab ces guichets fonctionneront tous les samedis jusqu\u2019\u00e0 ce que toutes les demandes &hellip;<\/p>\n","protected":false},"author":2,"featured_media":17122,"comment_status":"open","ping_status":"open","sticky":false,"template":"","format":"standard","meta":{"footnotes":""},"categories":[18,29],"tags":[],"class_list":["post-17121","post","type-post","status-publish","format-standard","has-post-thumbnail","hentry","category-actualites","category-monde"],"_links":{"self":[{"href":"https:\/\/ladepeche.mr\/index.php?rest_route=\/wp\/v2\/posts\/17121","targetHints":{"allow":["GET"]}}],"collection":[{"href":"https:\/\/ladepeche.mr\/index.php?rest_route=\/wp\/v2\/posts"}],"about":[{"href":"https:\/\/ladepeche.mr\/index.php?rest_route=\/wp\/v2\/types\/post"}],"author":[{"embeddable":true,"href":"https:\/\/ladepeche.mr\/index.php?rest_route=\/wp\/v2\/users\/2"}],"replies":[{"embeddable":true,"href":"https:\/\/ladepeche.mr\/index.php?rest_route=%2Fwp%2Fv2%2Fcomments&post=17121"}],"version-history":[{"count":1,"href":"https:\/\/ladepeche.mr\/index.php?rest_route=\/wp\/v2\/posts\/17121\/revisions"}],"predecessor-version":[{"id":17123,"href":"https:\/\/ladepeche.mr\/index.php?rest_route=\/wp\/v2\/posts\/17121\/revisions\/17123"}],"wp:featuredmedia":[{"embeddable":true,"href":"https:\/\/ladepeche.mr\/index.php?rest_route=\/wp\/v2\/media\/17122"}],"wp:attachment":[{"href":"https:\/\/ladepeche.mr\/index.php?rest_route=%2Fwp%2Fv2%2Fmedia&parent=17121"}],"wp:term":[{"taxonomy":"category","embeddable":true,"href":"https:\/\/ladepeche.mr\/index.php?rest_route=%2Fwp%2Fv2%2Fcategories&post=17121"},{"taxonomy":"post_tag","embeddable":true,"href":"https:\/\/ladepeche.mr\/index.php?rest_route=%2Fwp%2Fv2%2Ftags&post=17121"}],"curies":[{"name":"wp","href":"https:\/\/api.w.org\/{rel}","templated":true}]}}