{"id":17127,"date":"2025-07-26T12:46:50","date_gmt":"2025-07-26T12:46:50","guid":{"rendered":"https:\/\/ladepeche.mr\/?p=17127"},"modified":"2025-07-26T12:46:50","modified_gmt":"2025-07-26T12:46:50","slug":"nouadhibou-un-activiste-de-la-peche-arrete-la-veille-de-la-visite-du-president","status":"publish","type":"post","link":"https:\/\/ladepeche.mr\/?p=17127","title":{"rendered":"Nouadhibou : Un activiste de la p\u00eache arr\u00eat\u00e9 la veille de la visite du pr\u00e9sident"},"content":{"rendered":"<p>Alors que le pr\u00e9sident de la R\u00e9publique est attendu dimanche \u00e0 Nouadhibou, les services de la gendarmerie de la ville ont arr\u00eat\u00e9, Ali Ould Bakar, un jeune activiste investi dans la d\u00e9nonciation des mauvaises pratiques de p\u00eache.<br \/>\nJusqu\u2019\u00e0 pr\u00e9sent la gendarmerie n\u2019a pas encore donn\u00e9 d\u2019explications \u00e0 l\u2019incarc\u00e9ration depuis deux jours de Ali Ould Bakar dont l\u2019\u00e9pouse dans un message vid\u00e9o d\u00e9nonce la privation de le rencontrer que lui opposerait ses ge\u00f4liers. &#8220;Il est anormal que quelqu&#8217;un qui n&#8217;a pas commis d&#8217;homicide, qui ne trafique pas la drogue soit jet\u00e9 en prison juste parce qu&#8217;il d\u00e9fend les int\u00e9r\u00eats de son pays et sa ressource&#8221; a regrett\u00e9 l&#8217;\u00e9pouse du d\u00e9tenu y voyant un recul de  la libert\u00e9 d&#8217;expression.<br \/>\nPlusieurs interpr\u00e9tations fusent sur les motivations de l\u2019arrestation du jeune activiste. Certaines sources, en l\u2019absence d\u2019une communication officielle de la gendarmerie sur les motivations de son arrestation, soutiennent que la mesure \u00e0 \u00e9touffer toute vell\u00e9it\u00e9 d\u2019informer le pr\u00e9sident de la situation qui pr\u00e9vaut dans le secteur.<br \/>\nL\u2019arrestation f\u00e2cheuse, il faut bien le reconnaitre, en l\u2019absence d\u2019explication qui tienne la route, a le d\u00e9m\u00e9rite de cr\u00e9er un climat lourd dans la capitale \u00e9conomique avant l\u2019arriv\u00e9e du pr\u00e9sident de la R\u00e9publique pour inaugurer des projets structurants et \u00e9couter les dol\u00e9ances des populations de la r\u00e9gion.<br \/>\nA noter que les proches de l&#8217;activiste \u00e9crou\u00e9 entendait organiser un sit-in ce samedi pour sa lib\u00e9ration.<\/p>\n","protected":false},"excerpt":{"rendered":"<p>Alors que le pr\u00e9sident de la R\u00e9publique est attendu dimanche \u00e0 Nouadhibou, les services de la gendarmerie de la ville ont arr\u00eat\u00e9, Ali Ould Bakar, un jeune activiste investi dans la d\u00e9nonciation des mauvaises pratiques de p\u00eache. Jusqu\u2019\u00e0 pr\u00e9sent la gendarmerie n\u2019a pas encore donn\u00e9 d\u2019explications \u00e0 l\u2019incarc\u00e9ration depuis deux jours de Ali Ould Bakar &hellip;<\/p>\n","protected":false},"author":2,"featured_media":17128,"comment_status":"open","ping_status":"open","sticky":false,"template":"","format":"standard","meta":{"footnotes":""},"categories":[18,21],"tags":[],"class_list":["post-17127","post","type-post","status-publish","format-standard","has-post-thumbnail","hentry","category-actualites","category-fluctuations"],"_links":{"self":[{"href":"https:\/\/ladepeche.mr\/index.php?rest_route=\/wp\/v2\/posts\/17127","targetHints":{"allow":["GET"]}}],"collection":[{"href":"https:\/\/ladepeche.mr\/index.php?rest_route=\/wp\/v2\/posts"}],"about":[{"href":"https:\/\/ladepeche.mr\/index.php?rest_route=\/wp\/v2\/types\/post"}],"author":[{"embeddable":true,"href":"https:\/\/ladepeche.mr\/index.php?rest_route=\/wp\/v2\/users\/2"}],"replies":[{"embeddable":true,"href":"https:\/\/ladepeche.mr\/index.php?rest_route=%2Fwp%2Fv2%2Fcomments&post=17127"}],"version-history":[{"count":1,"href":"https:\/\/ladepeche.mr\/index.php?rest_route=\/wp\/v2\/posts\/17127\/revisions"}],"predecessor-version":[{"id":17129,"href":"https:\/\/ladepeche.mr\/index.php?rest_route=\/wp\/v2\/posts\/17127\/revisions\/17129"}],"wp:featuredmedia":[{"embeddable":true,"href":"https:\/\/ladepeche.mr\/index.php?rest_route=\/wp\/v2\/media\/17128"}],"wp:attachment":[{"href":"https:\/\/ladepeche.mr\/index.php?rest_route=%2Fwp%2Fv2%2Fmedia&parent=17127"}],"wp:term":[{"taxonomy":"category","embeddable":true,"href":"https:\/\/ladepeche.mr\/index.php?rest_route=%2Fwp%2Fv2%2Fcategories&post=17127"},{"taxonomy":"post_tag","embeddable":true,"href":"https:\/\/ladepeche.mr\/index.php?rest_route=%2Fwp%2Fv2%2Ftags&post=17127"}],"curies":[{"name":"wp","href":"https:\/\/api.w.org\/{rel}","templated":true}]}}