{"id":17138,"date":"2025-07-26T15:00:31","date_gmt":"2025-07-26T15:00:31","guid":{"rendered":"https:\/\/ladepeche.mr\/?p=17138"},"modified":"2025-07-26T13:56:28","modified_gmt":"2025-07-26T13:56:28","slug":"crise-en-libye-lunion-africaine-tire-la-sonnette-dalarme-face-a-la-resurgence-des-violences","status":"publish","type":"post","link":"https:\/\/ladepeche.mr\/?p=17138","title":{"rendered":"Crise en Libye : l\u2019Union africaine tire la sonnette d\u2019alarme face \u00e0 la r\u00e9surgence des violences"},"content":{"rendered":"<p>La situation s\u00e9curitaire en Libye continue de susciter une vive inqui\u00e9tude au sein de l\u2019Union africaine (UA). Une r\u00e9union virtuelle de haut niveau, convoqu\u00e9e par le Conseil de paix et de s\u00e9curit\u00e9 de l\u2019UA et pr\u00e9sid\u00e9e par l\u2019Ouganda, a \u00e9t\u00e9 consacr\u00e9e ce 24 juillet \u00e0 l\u2019examen des r\u00e9cents d\u00e9veloppements dans ce pays d\u2019Afrique du Nord, marqu\u00e9 par une instabilit\u00e9 chronique.<br \/>\n  Parmi les participants de cette rencontre figurait le pr\u00e9sident congolais Denis Sassou N\u2019Guesso, en sa qualit\u00e9 de pr\u00e9sident du Comit\u00e9 de haut niveau de l\u2019UA sur la Libye. Il a r\u00e9affirm\u00e9 l\u2019engagement de l\u2019organisation panafricaine \u00e0 accompagner les Libyens sur le chemin de la paix. Le pr\u00e9sident ougandais Yoweri Museveni, qui assurait la pr\u00e9sidence tournante du Conseil, a ouvert les travaux en faisant part de sa &#8220;profonde inqui\u00e9tude&#8221; face \u00e0 la recrudescence des violences, notamment \u00e0 Tripoli et dans sa p\u00e9riph\u00e9rie. Des affrontements violents survenus en mai dernier entre la 44e brigade d\u2019infanterie et les unit\u00e9s du dispositif de soutien \u00e0 la stabilit\u00e9 ont fortement d\u00e9grad\u00e9 la situation s\u00e9curitaire, aggravant les conditions de vie des civils. Mahmoud Ali Youssouf, pr\u00e9sident de la Commission de l\u2019UA, a lui aussi exprim\u00e9 son d\u00e9sarroi face au comportement des factions rivales libyennes, qu\u2019il accuse de compromettre les efforts de paix en cours. Selon lui, ces tensions menacent les avanc\u00e9es r\u00e9alis\u00e9es par l\u2019UA en mati\u00e8re de r\u00e9conciliation et de dialogue. De son c\u00f4t\u00e9, Denis Sassou N\u2019Guesso a rappel\u00e9 l\u2019importance cruciale de la prochaine signature, \u00e0 Addis-Abeba, de la charte de r\u00e9conciliation interlibyenne. \u00ab Nous avons plac\u00e9 nos espoirs dans cet accord, qui pourrait ouvrir la voie \u00e0 une v\u00e9ritable r\u00e9conciliation nationale et \u00e0 la paix durable que souhaite tant le peuple libyen \u00bb, a-t-il d\u00e9clar\u00e9. Ce document constitue, selon lui, l\u2019aboutissement de longs mois de n\u00e9gociations conduites par le Comit\u00e9 de haut niveau. Enfin, le pr\u00e9sident du Conseil pr\u00e9sidentiel libyen, Mohamed El Menfi, a lanc\u00e9 un appel pressant \u00e0 la communaut\u00e9 internationale pour intensifier son soutien au processus de paix. Il a salu\u00e9 la constance de l\u2019UA, qui \u0153uvre depuis pr\u00e8s de 14 ans pour une sortie de crise durable, et a encourag\u00e9 l\u2019organisation \u00e0 poursuivre ses efforts en faveur d\u2019un dialogue inclusif entre toutes les parties libyennes. Alors que les tensions semblent loin de s\u2019apaiser, l\u2019Union africaine r\u00e9affirme son r\u00f4le central dans la m\u00e9diation et plaide pour une mobilisation accrue afin de garantir \u00e0 la Libye un avenir de stabilit\u00e9 et de coh\u00e9sion nationale.<br \/>\nhttps:\/\/www.msn.com\/fr-xl\/politique\/relations-internationales\/crise-en-libye-l-union-africaine-tire-la-sonnette-d-alarme-face-%C3%A0-la-r%C3%A9surgence-des-violences\/ar-AA1JgCh0?ocid=msedgntp&#038;pc=U531&#038;cvid=2e240b1b951d4d5f99f624a1ef94d524&#038;ei=47<\/p>\n","protected":false},"excerpt":{"rendered":"<p>La situation s\u00e9curitaire en Libye continue de susciter une vive inqui\u00e9tude au sein de l\u2019Union africaine (UA). Une r\u00e9union virtuelle de haut niveau, convoqu\u00e9e par le Conseil de paix et de s\u00e9curit\u00e9 de l\u2019UA et pr\u00e9sid\u00e9e par l\u2019Ouganda, a \u00e9t\u00e9 consacr\u00e9e ce 24 juillet \u00e0 l\u2019examen des r\u00e9cents d\u00e9veloppements dans ce pays d\u2019Afrique du Nord, &hellip;<\/p>\n","protected":false},"author":2,"featured_media":17139,"comment_status":"open","ping_status":"open","sticky":false,"template":"","format":"standard","meta":{"footnotes":""},"categories":[18,29],"tags":[],"class_list":["post-17138","post","type-post","status-publish","format-standard","has-post-thumbnail","hentry","category-actualites","category-monde"],"_links":{"self":[{"href":"https:\/\/ladepeche.mr\/index.php?rest_route=\/wp\/v2\/posts\/17138","targetHints":{"allow":["GET"]}}],"collection":[{"href":"https:\/\/ladepeche.mr\/index.php?rest_route=\/wp\/v2\/posts"}],"about":[{"href":"https:\/\/ladepeche.mr\/index.php?rest_route=\/wp\/v2\/types\/post"}],"author":[{"embeddable":true,"href":"https:\/\/ladepeche.mr\/index.php?rest_route=\/wp\/v2\/users\/2"}],"replies":[{"embeddable":true,"href":"https:\/\/ladepeche.mr\/index.php?rest_route=%2Fwp%2Fv2%2Fcomments&post=17138"}],"version-history":[{"count":1,"href":"https:\/\/ladepeche.mr\/index.php?rest_route=\/wp\/v2\/posts\/17138\/revisions"}],"predecessor-version":[{"id":17140,"href":"https:\/\/ladepeche.mr\/index.php?rest_route=\/wp\/v2\/posts\/17138\/revisions\/17140"}],"wp:featuredmedia":[{"embeddable":true,"href":"https:\/\/ladepeche.mr\/index.php?rest_route=\/wp\/v2\/media\/17139"}],"wp:attachment":[{"href":"https:\/\/ladepeche.mr\/index.php?rest_route=%2Fwp%2Fv2%2Fmedia&parent=17138"}],"wp:term":[{"taxonomy":"category","embeddable":true,"href":"https:\/\/ladepeche.mr\/index.php?rest_route=%2Fwp%2Fv2%2Fcategories&post=17138"},{"taxonomy":"post_tag","embeddable":true,"href":"https:\/\/ladepeche.mr\/index.php?rest_route=%2Fwp%2Fv2%2Ftags&post=17138"}],"curies":[{"name":"wp","href":"https:\/\/api.w.org\/{rel}","templated":true}]}}