{"id":17144,"date":"2025-07-26T16:30:04","date_gmt":"2025-07-26T16:30:04","guid":{"rendered":"https:\/\/ladepeche.mr\/?p=17144"},"modified":"2025-07-26T14:19:48","modified_gmt":"2025-07-26T14:19:48","slug":"mali-une-nouvelle-charte-pour-la-paix-et-la-reconciliation-qui-divise","status":"publish","type":"post","link":"https:\/\/ladepeche.mr\/?p=17144","title":{"rendered":"Mali: une nouvelle \u00abCharte pour la paix et la r\u00e9conciliation\u00bb qui divise"},"content":{"rendered":"<p>Au Mali, le projet de nouvelle Charte nationale pour la paix et la r\u00e9conciliation a \u00e9t\u00e9 remis cette semaine au pr\u00e9sident de transition, le g\u00e9n\u00e9ral Assimi Go\u00efta. Un texte cens\u00e9 \u00ab panser les blessures profondes laiss\u00e9es par des ann\u00e9es de crises multiformes \u00bb et \u00ab jeter les bases d\u2019un Mali apais\u00e9, uni et tourn\u00e9 vers l\u2019avenir \u00bb, selon la pr\u00e9sidence. Mais les rebelles ind\u00e9pendantistes du Nord, qui n&#8217;avaient pas \u00e9t\u00e9 associ\u00e9s, le rejettent cat\u00e9goriquement, tout comme les politiques d&#8217;opposition.<br \/>\nLe texte complet n&#8217;a pas encore \u00e9t\u00e9 publi\u00e9. Il devrait l&#8217;\u00eatre sous peu, apr\u00e8s son adoption par le Conseil national de transition et sa promulgation par le chef de l&#8217;\u00c9tat. Mais d&#8217;apr\u00e8s les fuites auxquelles RFI a pu avoir acc\u00e8s, son champ est tr\u00e8s vaste : ses 106 articles parlent de justice, d&#8217;\u00e9conomie, de gouvernance, d&#8217;\u00e9ducation, de lutte contre la corruption&#8230; Surtout, le texte \u00ab souligne la n\u00e9cessit\u00e9 de r\u00e9soudre les crises et les conflits en privil\u00e9giant les modes alternatifs et les m\u00e9canismes endog\u00e8nes \u00bb. En clair, sans facilitation ou sans ing\u00e9rence, selon les points de vue, \u00e9trang\u00e8re.<\/p>\n<p>L&#8217;accord de paix de 2015, conclu avec les ind\u00e9pendantistes du Nord et rompu par les autorit\u00e9s maliennes de transition, avait \u00e9t\u00e9 \u00e9labor\u00e9 avec l&#8217;appui d&#8217;une m\u00e9diation internationale conduite par l&#8217;Alg\u00e9rie, devenue b\u00eate noire des militaires au pouvoir. Le nouveau texte est pr\u00e9sent\u00e9 par les autorit\u00e9s de transition comme une alternative nationale et souveraine.<\/p>\n<p>\u00ab Concertation et inclusivit\u00e9 \u00bb<br \/>\nLa nouvelle charte a \u00e9t\u00e9 \u00ab \u00e9labor\u00e9e dans un esprit de concertation et d\u2019inclusivit\u00e9 \u00bb, se f\u00e9licite la pr\u00e9sidence. Lors de la remise du projet de charte, le g\u00e9n\u00e9ral Assimi Go\u00efta a m\u00eame soulign\u00e9 \u00ab le caract\u00e8re participatif du processus \u00bb, sous les applaudissements nourris des participants. Si des repr\u00e9sentants de l&#8217;\u00c9tat et des collectivit\u00e9s, des organisations professionnelles, des syndicats ou des religieux ont bien \u00e9t\u00e9 associ\u00e9s, la plupart des partis politiques &#8211; d\u00e9sormais dissous &#8211; avaient boycott\u00e9 les travaux.<\/p>\n<p>Quant aux principaux concern\u00e9s, les rebelles ind\u00e9pendantistes du FLA, ils n&#8217;avaient pas \u00e9t\u00e9 convi\u00e9s. Le r\u00e9gime de transition les consid\u00e8re comme \u00ab terroristes \u00bb, au m\u00eame titre que les groupes jihadistes.<\/p>\n<p>\u00ab \u00c9ni\u00e8me mascarade \u00bb<br \/>\nDans un communiqu\u00e9, le FLA estime que \u00ab ce document, loin d&#8217;\u00eatre le produit d&#8217;un v\u00e9ritable processus de paix, encore moins une r\u00e9ponse aux injustices, est une \u00e9ni\u00e8me mascarade \u00bb. Il d\u00e9nonce \u00ab une man\u0153uvre politique dilatoire \u00bb. Les rebelles et le r\u00e9gime de transition s&#8217;accordent au moins sur un point : aucun des deux camps ne juge envisageable de n\u00e9gocier avec l&#8217;autre.<br \/>\nL&#8217;association Tamouzok, qui rassemble des personnalit\u00e9s du Nord alli\u00e9es aux militaires au pouvoir, juge au contraire que la nouvelle charte marque \u00ab une \u00e9tape cruciale dans la consolidation de la nation malienne \u00bb et appelle \u00ab l&#8217;ensemble des groupes et organisations arm\u00e9s \u00bb \u00e0 \u00ab s&#8217;engager r\u00e9solument dans la voie du dialogue \u00bb.<\/p>\n<p>Un projet \u00ab vid\u00e9 de son sens \u00bb qui \u00ab fuit les d\u00e9saccords r\u00e9els \u00bb<br \/>\nLes partis politiques maliens, tous dissous en mai dernier, ne peuvent plus communiquer officiellement sous peine de sanction. Un ancien ministre r\u00e9sume cependant parfaitement la position exprim\u00e9e par beaucoup d&#8217;autres : \u00ab La paix et la r\u00e9conciliation ne s&#8217;accommodent pas d&#8217;exclusions ni de dissolutions, encore moins d&#8217;interdictions \u00bb, juge-t-il en r\u00e9f\u00e9rence \u00e0 la r\u00e9pression dont sont victimes les organisations politiques et certaines personnalit\u00e9s maliennes.<\/p>\n<p>Ce pilier de la tendance pro-d\u00e9mocratie estime que le projet de nouvelle charte \u00ab fuit les d\u00e9saccords r\u00e9els pour se concentrer sur une compilation d&#8217;intentions \u00bb et d\u00e9plore que \u00ab les groupes arm\u00e9s &#8211; ind\u00e9pendantistes ou jihadistes -, hommes politiques, communaut\u00e9s marginalis\u00e9es et victimes d&#8217;exactions \u00bb n&#8217;aient pas \u00e9t\u00e9 \u00ab v\u00e9ritablement associ\u00e9s \u00bb.<\/p>\n<p>Un opposant en exil juge quant \u00e0 lui que la nouvelle charte est \u00ab ambitieuse dans son intention \u00bb mais que sa \u00ab l\u00e9gitimit\u00e9 \u00bb est \u00ab fragilis\u00e9e par l&#8217;absence de consultations inclusives \u00bb. Ce chef de parti &#8211; dissous &#8211; d\u00e9nonce un projet \u00ab largement th\u00e9orique et d\u00e9connect\u00e9 des r\u00e9alit\u00e9s du terrain \u00bb qui \u00ab ne propose pas de m\u00e9canismes concrets \u00bb. Un autre ancien ministre conclut avec indignation \u00ab cette charte, c&#8217;est une farce et du folklore, un monumental non-\u00e9v\u00e8nement, un projet vid\u00e9 de son sens \u00bb.<br \/>\nRfi.fr<\/p>\n","protected":false},"excerpt":{"rendered":"<p>Au Mali, le projet de nouvelle Charte nationale pour la paix et la r\u00e9conciliation a \u00e9t\u00e9 remis cette semaine au pr\u00e9sident de transition, le g\u00e9n\u00e9ral Assimi Go\u00efta. Un texte cens\u00e9 \u00ab panser les blessures profondes laiss\u00e9es par des ann\u00e9es de crises multiformes \u00bb et \u00ab jeter les bases d\u2019un Mali apais\u00e9, uni et tourn\u00e9 vers &hellip;<\/p>\n","protected":false},"author":2,"featured_media":17145,"comment_status":"open","ping_status":"open","sticky":false,"template":"","format":"standard","meta":{"footnotes":""},"categories":[18,29],"tags":[],"class_list":["post-17144","post","type-post","status-publish","format-standard","has-post-thumbnail","hentry","category-actualites","category-monde"],"_links":{"self":[{"href":"https:\/\/ladepeche.mr\/index.php?rest_route=\/wp\/v2\/posts\/17144","targetHints":{"allow":["GET"]}}],"collection":[{"href":"https:\/\/ladepeche.mr\/index.php?rest_route=\/wp\/v2\/posts"}],"about":[{"href":"https:\/\/ladepeche.mr\/index.php?rest_route=\/wp\/v2\/types\/post"}],"author":[{"embeddable":true,"href":"https:\/\/ladepeche.mr\/index.php?rest_route=\/wp\/v2\/users\/2"}],"replies":[{"embeddable":true,"href":"https:\/\/ladepeche.mr\/index.php?rest_route=%2Fwp%2Fv2%2Fcomments&post=17144"}],"version-history":[{"count":1,"href":"https:\/\/ladepeche.mr\/index.php?rest_route=\/wp\/v2\/posts\/17144\/revisions"}],"predecessor-version":[{"id":17146,"href":"https:\/\/ladepeche.mr\/index.php?rest_route=\/wp\/v2\/posts\/17144\/revisions\/17146"}],"wp:featuredmedia":[{"embeddable":true,"href":"https:\/\/ladepeche.mr\/index.php?rest_route=\/wp\/v2\/media\/17145"}],"wp:attachment":[{"href":"https:\/\/ladepeche.mr\/index.php?rest_route=%2Fwp%2Fv2%2Fmedia&parent=17144"}],"wp:term":[{"taxonomy":"category","embeddable":true,"href":"https:\/\/ladepeche.mr\/index.php?rest_route=%2Fwp%2Fv2%2Fcategories&post=17144"},{"taxonomy":"post_tag","embeddable":true,"href":"https:\/\/ladepeche.mr\/index.php?rest_route=%2Fwp%2Fv2%2Ftags&post=17144"}],"curies":[{"name":"wp","href":"https:\/\/api.w.org\/{rel}","templated":true}]}}