{"id":17147,"date":"2025-07-26T17:00:21","date_gmt":"2025-07-26T17:00:21","guid":{"rendered":"https:\/\/ladepeche.mr\/?p=17147"},"modified":"2025-07-26T14:24:39","modified_gmt":"2025-07-26T14:24:39","slug":"biram-dah-abeid-conditionne-sa-participation-au-dialogue-politique","status":"publish","type":"post","link":"https:\/\/ladepeche.mr\/?p=17147","title":{"rendered":"Biram Dah Abeid conditionne sa participation au dialogue politique"},"content":{"rendered":"<p>Le d\u00e9put\u00e9 et ancien candidat \u00e0 la pr\u00e9sidentielle, Biram Dah Abeid, pose ses conditions pour prendre part au dialogue politique national. Il exige l\u2019abrogation de la loi sur les symboles, celle sur la cybercriminalit\u00e9, ainsi qu\u2019un assouplissement du r\u00e9gime encadrant l\u2019autorisation des partis politiques.<\/p>\n<p>Lors d\u2019un entretien avec le chef de l\u2019opposition d\u00e9mocratique, Hamadi Ould Sidi Mokhtar, Biram a insist\u00e9 sur la n\u00e9cessit\u00e9 de revoir le cadre juridique actuel. Selon lui, si la loi sur l\u2019autorisation des partis n\u2019est pas supprim\u00e9e, il faudrait au minimum reconna\u00eetre les partis ayant rempli les crit\u00e8res selon l\u2019ancienne l\u00e9gislation.<\/p>\n<p>L\u2019activiste et parlementaire appelle \u00e9galement \u00e0 une r\u00e9forme de la gouvernance du dialogue national. Il plaide pour un partage \u00e9quitable de la direction entre le pouvoir et l\u2019opposition. \u00c0 ses yeux, un repr\u00e9sentant de l\u2019opposition doit occuper un poste \u00e9quivalent \u00e0 celui de Moussa Fall, coordinateur du dialogue, qu\u2019il consid\u00e8re comme \u00ab repr\u00e9sentant de la majorit\u00e9 \u00bb.<\/p>\n<p>\u00ab Puisque Moussa Fall rend compte au pr\u00e9sident sur les questions li\u00e9es au dialogue, un repr\u00e9sentant de l\u2019opposition doit b\u00e9n\u00e9ficier du m\u00eame statut, en se r\u00e9f\u00e9rant aux chefs de l\u2019opposition \u00bb, a-t-il d\u00e9clar\u00e9.<\/p>\n<p>Autre exigence : la lib\u00e9ration des \u00ab prisonniers politiques \u00bb, que Biram Dah Abeid consid\u00e8re comme une condition incontournable \u00e0 la cr\u00e9dibilit\u00e9 du processus. Sans cela, estime-t-il, aucun dialogue s\u00e9rieux ne peut \u00eatre envisag\u00e9.<\/p>\n<p>Dans le m\u00eame temps, le pr\u00e9sident du parti Tawassoul et chef de file de l\u2019opposition, Hamadi Ould Sidi Mokhtar, a entam\u00e9 une s\u00e9rie de consultations avec les principales figures de l\u2019opposition, dans le but de coordonner les positions et de renforcer une voix commune.<\/p>\n<p>Des rencontres s\u00e9par\u00e9es ont \u00e9t\u00e9 tenues avec le d\u00e9put\u00e9 Biram Dah Abeid, ainsi qu\u2019avec le pr\u00e9sident de l\u2019Union des forces de progr\u00e8s (UFP), Dr Mohamed Ould Maouloud.<\/p>\n<p>Dans un communiqu\u00e9, le parti Tawassoul a salu\u00e9 des \u00e9changes \u00ab francs et positifs \u00bb, pr\u00e9cisant qu\u2019ils ont port\u00e9 sur les grandes questions politiques du moment, notamment le dialogue national.<br \/>\nShmes maarif<\/p>\n","protected":false},"excerpt":{"rendered":"<p>Le d\u00e9put\u00e9 et ancien candidat \u00e0 la pr\u00e9sidentielle, Biram Dah Abeid, pose ses conditions pour prendre part au dialogue politique national. Il exige l\u2019abrogation de la loi sur les symboles, celle sur la cybercriminalit\u00e9, ainsi qu\u2019un assouplissement du r\u00e9gime encadrant l\u2019autorisation des partis politiques. Lors d\u2019un entretien avec le chef de l\u2019opposition d\u00e9mocratique, Hamadi Ould &hellip;<\/p>\n","protected":false},"author":2,"featured_media":17148,"comment_status":"open","ping_status":"open","sticky":false,"template":"","format":"standard","meta":{"footnotes":""},"categories":[18,31],"tags":[],"class_list":["post-17147","post","type-post","status-publish","format-standard","has-post-thumbnail","hentry","category-actualites","category-politique-et-reportages"],"_links":{"self":[{"href":"https:\/\/ladepeche.mr\/index.php?rest_route=\/wp\/v2\/posts\/17147","targetHints":{"allow":["GET"]}}],"collection":[{"href":"https:\/\/ladepeche.mr\/index.php?rest_route=\/wp\/v2\/posts"}],"about":[{"href":"https:\/\/ladepeche.mr\/index.php?rest_route=\/wp\/v2\/types\/post"}],"author":[{"embeddable":true,"href":"https:\/\/ladepeche.mr\/index.php?rest_route=\/wp\/v2\/users\/2"}],"replies":[{"embeddable":true,"href":"https:\/\/ladepeche.mr\/index.php?rest_route=%2Fwp%2Fv2%2Fcomments&post=17147"}],"version-history":[{"count":1,"href":"https:\/\/ladepeche.mr\/index.php?rest_route=\/wp\/v2\/posts\/17147\/revisions"}],"predecessor-version":[{"id":17149,"href":"https:\/\/ladepeche.mr\/index.php?rest_route=\/wp\/v2\/posts\/17147\/revisions\/17149"}],"wp:featuredmedia":[{"embeddable":true,"href":"https:\/\/ladepeche.mr\/index.php?rest_route=\/wp\/v2\/media\/17148"}],"wp:attachment":[{"href":"https:\/\/ladepeche.mr\/index.php?rest_route=%2Fwp%2Fv2%2Fmedia&parent=17147"}],"wp:term":[{"taxonomy":"category","embeddable":true,"href":"https:\/\/ladepeche.mr\/index.php?rest_route=%2Fwp%2Fv2%2Fcategories&post=17147"},{"taxonomy":"post_tag","embeddable":true,"href":"https:\/\/ladepeche.mr\/index.php?rest_route=%2Fwp%2Fv2%2Ftags&post=17147"}],"curies":[{"name":"wp","href":"https:\/\/api.w.org\/{rel}","templated":true}]}}