{"id":17152,"date":"2025-07-26T16:59:13","date_gmt":"2025-07-26T16:59:13","guid":{"rendered":"https:\/\/ladepeche.mr\/?p=17152"},"modified":"2025-07-29T21:39:05","modified_gmt":"2025-07-29T21:39:05","slug":"visite-presidentielle-a-nouadhibou-lattente-dun-souffle-nouveau-dans-une-ville-desabusee","status":"publish","type":"post","link":"https:\/\/ladepeche.mr\/?p=17152","title":{"rendered":"Visite pr\u00e9sidentielle \u00e0 Nouadhibou: l\u2019attente d\u2019un souffle nouveau dans une ville d\u00e9sabus\u00e9e"},"content":{"rendered":"<p>\u00c0 la veille de la visite officielle du pr\u00e9sident de la R\u00e9publique \u00e0 Nouadhibou, capitale \u00e9conomique du pays, l\u2019ambiance oscille entre r\u00e9signation et espoir timide. Si la venue du chef de l\u2019\u00c9tat est cens\u00e9e raviver l\u2019\u00e9lan politique et \u00e9conomique local, elle intervient dans une ville meurtrie par des d\u00e9cennies de promesses non tenues et une r\u00e9alit\u00e9 quotidienne de plus en plus difficile.<br \/>\nDerri\u00e8re les pr\u00e9paratifs officiels pour accueillir le pr\u00e9sident, la population exprime un profond malaise. P\u00e9nuries d\u2019eau, d\u00e9lestages r\u00e9currents, ch\u00f4mage massif, infrastructures en ruine : la ville semble englu\u00e9e dans un immobilisme pr\u00e9occupant. \u00ab Nous n\u2019avons pas eu d\u2019eau pendant quinze jours \u00bb, confie M.D, r\u00e9sidente de longue date, qui s\u2019est lev\u00e9e aux aurores samedi pour profiter d\u2019un rare moment o\u00f9 les robinets ont coul\u00e9. Une sc\u00e8ne banale, mais r\u00e9v\u00e9latrice de la pr\u00e9carit\u00e9 des services de base en 2025 dans l\u2019une des villes strat\u00e9giques du pays.<br \/>\nDes solutions seraient toujours envisag\u00e9es par le gouvernement avec de nouveaux projets d&#8217;infrastructures, notamment la construction de nouvelles stations de dessalement d&#8217;eau de mer et l&#8217;am\u00e9lioration du r\u00e9seau de distribution, pour r\u00e9soudre les probl\u00e8mes de p\u00e9nurie et d&#8217;interruption de service.<br \/>\nIl y a \u00e9galement un projet, financ\u00e9 par l\u2019Etat mauritanien et le Fonds arabe de d\u00e9veloppement \u00e9conomique (FADES) pour un montant de 32 milliards d\u2019ouguiya MRO, cens\u00e9 approvisionner les villes de Nouadhibou et Boulenouar en eau potable jusqu\u2019\u00e0 2037. Mais tout cela prend du temps face \u00e0 l\u2019urgence.<\/p>\n<p><strong>Une crise aigue de l&#8217;eau<\/strong><br \/>\nLa question de l\u2019acc\u00e8s \u00e0 l\u2019eau potable empoisonne donc la ville et ce depuis les ann\u00e9es 1990, sans solution durable. Les habitants d\u00e9noncent une gestion d\u00e9connect\u00e9e de la crise et une absence criante de volont\u00e9 de changement. \u00ab Rien ne change vraiment ici, sauf les discours \u00bb, d\u00e9plore un cadre local. Les maux sont nombreux : p\u00e9nuries d\u2019eau et d\u2019\u00e9lectricit\u00e9, d\u00e9gradation des routes \u2013 notamment l\u2019axe Nouadhibou-Chami, th\u00e9\u00e2tre d\u2019accidents mortels \u2013, h\u00f4pitaux sans moyens&#8230; La jeunesse fuit la ville, attir\u00e9e par les mirages de l\u2019\u00e9tranger, notamment l\u2019Espagne et les \u00c9tats-Unis \u00e0 la recherche d\u2019un avenir meilleur. Seule la Snim semble \u00eatre une exception dans ce d\u00e9cor kafkaien.<br \/>\nMalgr\u00e9 l\u2019\u00e9rection de la zone franche, cens\u00e9e dynamiser l\u2019\u00e9conomie locale, les retomb\u00e9es concr\u00e8tes tardent \u00e0 se faire sentir. Les habitants pointent du doigt une politique fonci\u00e8re opaque, des recrutements client\u00e9listes dans les administrations, et des prix alimentaires souvent plus \u00e9lev\u00e9s qu\u2019\u00e0 Nouakchott, malgr\u00e9 les avantages fiscaux suppos\u00e9s. \u00ab On nous a promis les aides de Taazour, mais rien n\u2019est jamais venu \u00bb, raconte un p\u00e8re de famille, g\u00e9rant d\u2019une modeste \u00e9choppe d\u2019habits r\u00e9utilis\u00e9s. Ici tout le monde rechigne\u2026sans doute \u00e0 juste titre.<\/p>\n<p><strong>Des attentes fortes, mais peu d\u2019illusions<\/strong><br \/>\nM\u00eame la p\u00eache artisanale, pilier historique de l\u2019\u00e9conomie locale, subit de plein fouet la d\u00e9sorganisation. Des p\u00eacheurs d\u00e9noncent les pratiques de l\u2019EPBR (\u00c9tablissement Portuaire de la Baie du Repos) et les interventions jug\u00e9es abusives des gardes-c\u00f4tes. La pr\u00e9sence controvers\u00e9e de navires \u00e9trangers \u2013 turcs et russes \u2013 dans des zones interdites alimente la col\u00e8re. \u00c0 cela s\u2019ajoute une pr\u00e9f\u00e9rence persistante pour la p\u00eache industrielle, notamment au chalut en b\u0153uf, au d\u00e9triment des acteurs locaux du fait du client\u00e9lisme.<br \/>\nLe secteur cache aussi une bouillante activit\u00e9 de p\u00eache \u00abaux migrants clandestins \u00bb. Mais l\u00e0 au moins les efforts de l\u2019Etat -et ceux de \u00ab La Guardia Civil \u00bb espagnole, sont plus persuasifs. L\u2019\u00e9tau se desserre petit \u00e0 petit contre la ville devenue un moment terre d\u2019asile pour migrants voulant braver l\u2019oc\u00e9an en direction des Iles Canaries.<br \/>\nLe pr\u00e9sident est attendu pour inaugurer plusieurs projets, dont l\u2019extension du r\u00e9seau d\u2019adduction d\u2019eau. Une initiative salu\u00e9e, mais jug\u00e9e insuffisante pour r\u00e9pondre \u00e0 l\u2019ampleur des attentes. \u00ab Il conna\u00eet la r\u00e9alit\u00e9 ici, il est d\u00e9j\u00e0 venu. Il n\u2019a donc plus d\u2019excuses \u00bb, mart\u00e8le un responsable local. La visite, fortement encadr\u00e9e, se veut sobre, sans bain de foule, pour \u00e9viter les interpellations g\u00eanantes.<br \/>\nNouadhibou, jadis p\u00f4le d\u2019attractivit\u00e9 nationale, semble aujourd\u2019hui en voie de marginalisation. \u00ab On ne compte plus. On n\u2019int\u00e9resse personne, sauf en p\u00e9riode \u00e9lectorale \u00bb, r\u00e9sume un habitant. Entre frustration et lassitude, les regards se tournent vers la pr\u00e9sidence, dans l\u2019espoir \u2013 peut-\u00eatre le dernier \u2013 d\u2019un r\u00e9el sursaut pour une ville qui se sent abandonn\u00e9e. C\u2019est \u00e0 l\u2019or\u00e9e de l\u2019arriv\u00e9e du pr\u00e9sident, un sentiment bien partag\u00e9 dans cette ville poumon \u00e9conomique du pays.<\/p>\n","protected":false},"excerpt":{"rendered":"<p>\u00c0 la veille de la visite officielle du pr\u00e9sident de la R\u00e9publique \u00e0 Nouadhibou, capitale \u00e9conomique du pays, l\u2019ambiance oscille entre r\u00e9signation et espoir timide. Si la venue du chef de l\u2019\u00c9tat est cens\u00e9e raviver l\u2019\u00e9lan politique et \u00e9conomique local, elle intervient dans une ville meurtrie par des d\u00e9cennies de promesses non tenues et une &hellip;<\/p>\n","protected":false},"author":2,"featured_media":17153,"comment_status":"open","ping_status":"open","sticky":false,"template":"","format":"standard","meta":{"footnotes":""},"categories":[18,2],"tags":[],"class_list":["post-17152","post","type-post","status-publish","format-standard","has-post-thumbnail","hentry","category-actualites","category-economie"],"_links":{"self":[{"href":"https:\/\/ladepeche.mr\/index.php?rest_route=\/wp\/v2\/posts\/17152","targetHints":{"allow":["GET"]}}],"collection":[{"href":"https:\/\/ladepeche.mr\/index.php?rest_route=\/wp\/v2\/posts"}],"about":[{"href":"https:\/\/ladepeche.mr\/index.php?rest_route=\/wp\/v2\/types\/post"}],"author":[{"embeddable":true,"href":"https:\/\/ladepeche.mr\/index.php?rest_route=\/wp\/v2\/users\/2"}],"replies":[{"embeddable":true,"href":"https:\/\/ladepeche.mr\/index.php?rest_route=%2Fwp%2Fv2%2Fcomments&post=17152"}],"version-history":[{"count":2,"href":"https:\/\/ladepeche.mr\/index.php?rest_route=\/wp\/v2\/posts\/17152\/revisions"}],"predecessor-version":[{"id":17252,"href":"https:\/\/ladepeche.mr\/index.php?rest_route=\/wp\/v2\/posts\/17152\/revisions\/17252"}],"wp:featuredmedia":[{"embeddable":true,"href":"https:\/\/ladepeche.mr\/index.php?rest_route=\/wp\/v2\/media\/17153"}],"wp:attachment":[{"href":"https:\/\/ladepeche.mr\/index.php?rest_route=%2Fwp%2Fv2%2Fmedia&parent=17152"}],"wp:term":[{"taxonomy":"category","embeddable":true,"href":"https:\/\/ladepeche.mr\/index.php?rest_route=%2Fwp%2Fv2%2Fcategories&post=17152"},{"taxonomy":"post_tag","embeddable":true,"href":"https:\/\/ladepeche.mr\/index.php?rest_route=%2Fwp%2Fv2%2Ftags&post=17152"}],"curies":[{"name":"wp","href":"https:\/\/api.w.org\/{rel}","templated":true}]}}