{"id":17155,"date":"2025-07-26T19:50:23","date_gmt":"2025-07-26T19:50:23","guid":{"rendered":"https:\/\/ladepeche.mr\/?p=17155"},"modified":"2025-07-26T19:50:23","modified_gmt":"2025-07-26T19:50:23","slug":"isem-communique-de-presse","status":"publish","type":"post","link":"https:\/\/ladepeche.mr\/?p=17155","title":{"rendered":"ISEM. Communiqu\u00e9 de presse"},"content":{"rendered":"<p>Dans le cadre de leur concertation commune les sections du S\u00e9n\u00e9gal et de la<br \/>\nMauritanie de l\u2019Initiative pour la Sauvegarde de l\u2019Entente Mauritano<br \/>\ns\u00e9n\u00e9galaises (ISEMS) ont tenue ce samedi 26 juillet 2025 \u00e0 l\u2019H\u00f4tel Sindon\u00e9<br \/>\nde Saint-Louis leur deuxi\u00e8me r\u00e9union bilat\u00e9rale apr\u00e8s celle, organis\u00e9e \u00e0<br \/>\nNouakchott en 2024. Cette rencontre marque une \u00e9tape cruciale dans le<br \/>\nrenforcement de la coop\u00e9ration entre les deux sections engag\u00e9es dans la<br \/>\npromotion de l\u2019entente entre les deux peuples.<br \/>\nLa c\u00e9r\u00e9monie d\u2019ouverture a \u00e9t\u00e9 marqu\u00e9e par les discours de Mme Maimouna<br \/>\nDiagne, Pr\u00e9sidente de l\u2019ISEMS-S\u00e9n\u00e9gal et de M.Ahmed Bezeid Deida,<br \/>\nPr\u00e9sident de l\u2019ISEMS-Mauritanie, qui ont r\u00e9affirm\u00e9 leur engagement commun<br \/>\n\u00e0 \u0153uvrer pour une collaboration transfrontali\u00e8re fructueuse dans le cadre<br \/>\nd\u2019une diplomatie citoyenne. Ils ont par ailleurs soulign\u00e9 l\u2019importance de cette<br \/>\nr\u00e9union pour consolider les acquis et identifier les actions dans le cadre de la<br \/>\nmise \u00e0 jour du plan d\u2019action pour la p\u00e9riode 2025-2026.<br \/>\nDurant cette rencontre, Les deux sections ont partag\u00e9 et mis \u00e0 jour les<br \/>\npriorit\u00e9s strat\u00e9giques de l\u2019ISEMS, en insistant sur des projets concrets pour<br \/>\nstimuler l\u2019\u00e9conomie locale, renforcer la r\u00e9silience communautaire et le bon<br \/>\nvoisinage. Apr\u00e8s des \u00e9changes pertinents entre les membres, une d\u00e9finition<br \/>\ndes axes th\u00e9matiques et de la structuration du Forum sera soumise dans un<br \/>\nd\u00e9lai d\u2019une semaine par un comit\u00e9 Ad Hoc mis en place. Parmi les principales<br \/>\naction identifi\u00e9es l\u2019organisation d\u2019un Forum de l\u2019Entente, une Conf\u00e9rence sur<br \/>\nles relations historiques entre les deux pays et la proposition d\u2019un programme<br \/>\nde jumelage aux r\u00e9gions et communes frontali\u00e8res<br \/>\nL\u2019ISEMS se f\u00e9licite par ailleurs de l\u2019avanc\u00e9e notoire dans la consolidation de<br \/>\nla coop\u00e9ration et des liens de fraternit\u00e9 entre les deux pays tout comme elle<br \/>\nse f\u00e9licite de la signature et de la mise en \u0153uvre de l\u2019accord sign\u00e9 par la<br \/>\nMauritanie et le S\u00e9n\u00e9gal relatif aux conditions d\u2019entr\u00e9e, de s\u00e9jour et<br \/>\nd\u2019\u00e9tablissement des personnes et leurs biens dans nos pays respectifs.<\/p>\n<p>Fait \u00e0 Saint-Louis, S\u00e9n\u00e9gal, le 26 juillet 2025<\/p>\n<p>Pour l\u2019ISEMS-Mauritanie<br \/>\nLe pr\u00e9sident <\/p>\n<p>Pour l\u2019ISEMS-S\u00e9n\u00e9gal<br \/>\nLe Pr\u00e9sident La Pr\u00e9sidente<\/p>\n","protected":false},"excerpt":{"rendered":"<p>Dans le cadre de leur concertation commune les sections du S\u00e9n\u00e9gal et de la Mauritanie de l\u2019Initiative pour la Sauvegarde de l\u2019Entente Mauritano s\u00e9n\u00e9galaises (ISEMS) ont tenue ce samedi 26 juillet 2025 \u00e0 l\u2019H\u00f4tel Sindon\u00e9 de Saint-Louis leur deuxi\u00e8me r\u00e9union bilat\u00e9rale apr\u00e8s celle, organis\u00e9e \u00e0 Nouakchott en 2024. Cette rencontre marque une \u00e9tape cruciale dans &hellip;<\/p>\n","protected":false},"author":2,"featured_media":17157,"comment_status":"open","ping_status":"open","sticky":false,"template":"","format":"standard","meta":{"footnotes":""},"categories":[18,29],"tags":[],"class_list":["post-17155","post","type-post","status-publish","format-standard","has-post-thumbnail","hentry","category-actualites","category-monde"],"_links":{"self":[{"href":"https:\/\/ladepeche.mr\/index.php?rest_route=\/wp\/v2\/posts\/17155","targetHints":{"allow":["GET"]}}],"collection":[{"href":"https:\/\/ladepeche.mr\/index.php?rest_route=\/wp\/v2\/posts"}],"about":[{"href":"https:\/\/ladepeche.mr\/index.php?rest_route=\/wp\/v2\/types\/post"}],"author":[{"embeddable":true,"href":"https:\/\/ladepeche.mr\/index.php?rest_route=\/wp\/v2\/users\/2"}],"replies":[{"embeddable":true,"href":"https:\/\/ladepeche.mr\/index.php?rest_route=%2Fwp%2Fv2%2Fcomments&post=17155"}],"version-history":[{"count":1,"href":"https:\/\/ladepeche.mr\/index.php?rest_route=\/wp\/v2\/posts\/17155\/revisions"}],"predecessor-version":[{"id":17156,"href":"https:\/\/ladepeche.mr\/index.php?rest_route=\/wp\/v2\/posts\/17155\/revisions\/17156"}],"wp:featuredmedia":[{"embeddable":true,"href":"https:\/\/ladepeche.mr\/index.php?rest_route=\/wp\/v2\/media\/17157"}],"wp:attachment":[{"href":"https:\/\/ladepeche.mr\/index.php?rest_route=%2Fwp%2Fv2%2Fmedia&parent=17155"}],"wp:term":[{"taxonomy":"category","embeddable":true,"href":"https:\/\/ladepeche.mr\/index.php?rest_route=%2Fwp%2Fv2%2Fcategories&post=17155"},{"taxonomy":"post_tag","embeddable":true,"href":"https:\/\/ladepeche.mr\/index.php?rest_route=%2Fwp%2Fv2%2Ftags&post=17155"}],"curies":[{"name":"wp","href":"https:\/\/api.w.org\/{rel}","templated":true}]}}