{"id":17158,"date":"2025-07-27T20:43:44","date_gmt":"2025-07-27T20:43:44","guid":{"rendered":"https:\/\/ladepeche.mr\/?p=17158"},"modified":"2025-07-27T20:43:44","modified_gmt":"2025-07-27T20:43:44","slug":"la-fifa-inaugure-son-bureau-afrique-au-complexe-mohammed-vi-de-sale","status":"publish","type":"post","link":"https:\/\/ladepeche.mr\/?p=17158","title":{"rendered":"La FIFA inaugure son bureau Afrique au complexe Mohammed VI de Sal\u00e9"},"content":{"rendered":"<p>Le bureau Afrique de la F\u00e9d\u00e9ration Internationale de Football (FIFA) a \u00e9t\u00e9 inaugur\u00e9, samedi au complexe Mohammed VI de football \u00e0 Sal\u00e9, lors d&#8217;une c\u00e9r\u00e9monie pr\u00e9sid\u00e9e par le pr\u00e9sident de la FIFA, Gianni Infantino.<\/p>\n<p>Cette c\u00e9r\u00e9monie s\u2019est d\u00e9roul\u00e9e en pr\u00e9sence du pr\u00e9sident de la Conf\u00e9d\u00e9ration africaine de football (CAF), Patrice Motsepe, du pr\u00e9sident de la F\u00e9d\u00e9ration Royale Marocaine de Football (FRMF), Fouzi Lekjaa, et de plusieurs autres personnalit\u00e9s.<br \/>\n&#8220;C\u2019est un moment historique et un jour de f\u00eate et de bonheur qui sera grav\u00e9 en lettres d\u2019or dans l\u2019histoire de la FIFA et du football en Afrique, au Maroc et dans le monde&#8221;, a affirm\u00e9 M. Infantino, lors d\u2019une allocution de circonstance.<\/p>\n<p>Et de poursuivre en soulignant que &#8220;l\u2019inauguration du bureau Afrique de la FIFA tombe \u00e0 point nomm\u00e9 d\u2019autant plus qu\u2019elle co\u00efncide avec les c\u00e9l\u00e9brations de la glorieuse f\u00eate du Tr\u00f4ne&#8221;, ajoutant que le complexe Mohammed VI de football est &#8220;une infrastructure incroyable et magnifique&#8221;. &#8220;Je remercie Sa Majest\u00e9 le Roi Mohammed VI pour l\u2019impulsion donn\u00e9e au d\u00e9veloppement du sport dans le continent&#8221;, a-t-il poursuivi, pr\u00e9cisant que l\u2019impulsion Royale pour d\u00e9velopper le football est &#8220;unique&#8221;.<\/p>\n<p>M. Infantino a, en outre, estim\u00e9 que le Complexe Mohammed VI de football, qui abrite le bureau Afrique de la FIFA, est devenu un centre n\u00e9vralgique du football africain et le t\u00e9moin d\u2019un pays et d\u2019un continent projet\u00e9s vers l\u2019avenir.  \u2018\u2019 Ce n\u2019est pas seulement un Bureau Afrique de la FIFA que nous inaugurons aujourd\u2019hui. C\u2019est plut\u00f4t un centre mondial de la FIFA, car il aura un impact mondial sur la pratique du football&#8221;, a-t-il soutenu. Le pr\u00e9sident de la FIFA a, par ailleurs, tenu \u00e0 rappeler que le Maroc organisera plusieurs grands \u00e9v\u00e9nements sportifs, comme la CAN messieurs en 2025, les cinq prochaines \u00e9ditions de la Coupe du monde f\u00e9minine des moins de 17 ans, outre le Mondial 2030 qui sera co-organis\u00e9 avec l\u2019Espagne et le Portugal. &#8220;Le monde va s\u2019unir ici au Maroc&#8221;, s\u2019est-il f\u00e9licit\u00e9.<\/p>\n<p>De son c\u00f4t\u00e9, M. Motsepe s\u2019est f\u00e9licit\u00e9 de l\u2019inauguration au Maroc du bureau Afrique de la FIFA, qui &#8220;ne saurait trouver un endroit aussi meilleur pour y installer son bureau&#8221;. Il a, dans ce sens, tenu \u00e0 remercier Sa Majest\u00e9 le Roi Mohammed VI pour les efforts qu\u2019Il ne cesse de d\u00e9ployer en faveur du football dans le continent, notant que le football africain est d\u2019un niveau mondial.<\/p>\n<p>Apr\u00e8s avoir mis en avant les performances des \u00e9quipes africaines lors du dernier mondial au Qatar, en particulier la s\u00e9lection marocaine, qualifi\u00e9e aux demi-finales, le pr\u00e9sident de la CAF s\u2019est dit convaincu que le ballon rond africain va tr\u00f4ner sur la plan\u00e8te dans les ann\u00e9es \u00e0 venir.<\/p>\n<p>Pour sa part, M. Lekjaa a soulign\u00e9 que le complexe Mohammed VI de football, qui abrite le bureau Afrique de la FIFA, a \u00e9t\u00e9 r\u00e9alis\u00e9 gr\u00e2ce \u00e0 la Vision clairvoyante de Sa Majest\u00e9 le Roi Mohammed VI, pr\u00e9cisant qu\u2019il est le fruit d\u2019une strat\u00e9gie pr\u00f4nant l\u2019\u00e9panouissement de la jeunesse marocaine et africaine.<\/p>\n<p>&#8220;Cette Vision aspire \u00e0 faire du Maroc une terre d\u2019accueil et de rencontre des potentialit\u00e9s issues des quatre coins du monde\u00bb&#8221;, a-t-il dit. Selon M. Lekjaa, ce Bureau refl\u00e8te l\u2019int\u00e9r\u00eat port\u00e9 par la FIFA au football africain et au d\u00e9veloppement de toutes ses cat\u00e9gories, rappelant que le Maroc a toujours \u00e9t\u00e9 et restera un pays de tol\u00e9rance et de dialogue des civilisations.<\/p>\n<p>L\u2019accord de si\u00e8ge pour l\u2019installation au Maroc du Bureau Afrique de la FIFA a \u00e9t\u00e9 sign\u00e9, en d\u00e9cembre dernier,  \u00e0 Marrakech en marge de la c\u00e9r\u00e9monie des CAF Awards2024, par le Chef du gouvernement, Aziz Akhannouch, le pr\u00e9sident de la FIFA, Gianni Infantino, et le pr\u00e9sident de la FRMF, Fouzi Lekjaa.<\/p>\n","protected":false},"excerpt":{"rendered":"<p>Le bureau Afrique de la F\u00e9d\u00e9ration Internationale de Football (FIFA) a \u00e9t\u00e9 inaugur\u00e9, samedi au complexe Mohammed VI de football \u00e0 Sal\u00e9, lors d&#8217;une c\u00e9r\u00e9monie pr\u00e9sid\u00e9e par le pr\u00e9sident de la FIFA, Gianni Infantino. Cette c\u00e9r\u00e9monie s\u2019est d\u00e9roul\u00e9e en pr\u00e9sence du pr\u00e9sident de la Conf\u00e9d\u00e9ration africaine de football (CAF), Patrice Motsepe, du pr\u00e9sident de la &hellip;<\/p>\n","protected":false},"author":2,"featured_media":17159,"comment_status":"open","ping_status":"open","sticky":false,"template":"","format":"standard","meta":{"footnotes":""},"categories":[18,29,17],"tags":[],"class_list":["post-17158","post","type-post","status-publish","format-standard","has-post-thumbnail","hentry","category-actualites","category-monde","category-sports"],"_links":{"self":[{"href":"https:\/\/ladepeche.mr\/index.php?rest_route=\/wp\/v2\/posts\/17158","targetHints":{"allow":["GET"]}}],"collection":[{"href":"https:\/\/ladepeche.mr\/index.php?rest_route=\/wp\/v2\/posts"}],"about":[{"href":"https:\/\/ladepeche.mr\/index.php?rest_route=\/wp\/v2\/types\/post"}],"author":[{"embeddable":true,"href":"https:\/\/ladepeche.mr\/index.php?rest_route=\/wp\/v2\/users\/2"}],"replies":[{"embeddable":true,"href":"https:\/\/ladepeche.mr\/index.php?rest_route=%2Fwp%2Fv2%2Fcomments&post=17158"}],"version-history":[{"count":1,"href":"https:\/\/ladepeche.mr\/index.php?rest_route=\/wp\/v2\/posts\/17158\/revisions"}],"predecessor-version":[{"id":17160,"href":"https:\/\/ladepeche.mr\/index.php?rest_route=\/wp\/v2\/posts\/17158\/revisions\/17160"}],"wp:featuredmedia":[{"embeddable":true,"href":"https:\/\/ladepeche.mr\/index.php?rest_route=\/wp\/v2\/media\/17159"}],"wp:attachment":[{"href":"https:\/\/ladepeche.mr\/index.php?rest_route=%2Fwp%2Fv2%2Fmedia&parent=17158"}],"wp:term":[{"taxonomy":"category","embeddable":true,"href":"https:\/\/ladepeche.mr\/index.php?rest_route=%2Fwp%2Fv2%2Fcategories&post=17158"},{"taxonomy":"post_tag","embeddable":true,"href":"https:\/\/ladepeche.mr\/index.php?rest_route=%2Fwp%2Fv2%2Ftags&post=17158"}],"curies":[{"name":"wp","href":"https:\/\/api.w.org\/{rel}","templated":true}]}}