{"id":17161,"date":"2025-07-27T22:05:33","date_gmt":"2025-07-27T22:05:33","guid":{"rendered":"https:\/\/ladepeche.mr\/?p=17161"},"modified":"2025-07-27T22:05:33","modified_gmt":"2025-07-27T22:05:33","slug":"disparition-de-fonds-dans-le-dossier-du-hajj-un-rapport-daudit-pointe-de-graves-irregularites","status":"publish","type":"post","link":"https:\/\/ladepeche.mr\/?p=17161","title":{"rendered":"Disparition de fonds dans le dossier du Hajj: un rapport d\u2019audit pointe de graves irr\u00e9gularit\u00e9s"},"content":{"rendered":"<p>Des sources bien inform\u00e9es ont r\u00e9v\u00e9l\u00e9 que l\u2019inspecteur v\u00e9rificateur Naji Sidi Mohamed Khalifa, commis par l\u2019Inspection G\u00e9n\u00e9rale de l\u2019\u00c9tat, a soumis un rapport pr\u00e9liminaire accablant au ministre des Affaires islamiques et de l\u2019Enseignement originel, Sidi Yahya Cheikhna Mrabit.<br \/>\nCe document, portant sur la gestion du dossier du Hajj 1446 (2025), fait \u00e9tat de la disparition de plusieurs centaines de millions d\u2019ouguiyas, r\u00e9v\u00e8lent nos confr\u00e8res de Al Akhbar.<br \/>\nSelon les m\u00eames sources, le rapport signale des irr\u00e9gularit\u00e9s majeures, portant sur un d\u00e9ficit de plus de 300 millions d\u2019ouguiyas. Bien que le document attribue ces d\u00e9tournements \u00e0 certains responsables du minist\u00e8re, il ne pr\u00e9cise pas, \u00e0 ce stade, les noms des personnes mises en cause.<br \/>\nL\u2019objectif de ce premier rapport est de permettre aux responsables concern\u00e9s de fournir des explications ou justifications, et de formuler leurs observations avant l\u2019\u00e9tablissement de sa version finale. Les r\u00e9ponses attendues serviront \u00e0 compl\u00e9ter l\u2019enqu\u00eate et \u00e0 affiner les conclusions de l\u2019inspecteur.<br \/>\nPour rappel, pr\u00e9cise Alakhbar, Naji Sidi Mohamed Khalifa avait \u00e9t\u00e9 mandat\u00e9 le 16 mai dernier par l\u2019Inspection G\u00e9n\u00e9rale de l\u2019\u00c9tat pour une mission de terrain d\u2019une dur\u00e9e de 15 jours. Sa t\u00e2che consistait \u00e0 enqu\u00eater sur les dysfonctionnements signal\u00e9s dans l\u2019organisation du p\u00e8lerinage de cette ann\u00e9e, et \u00e0 en dresser un rapport d\u00e9taill\u00e9.<br \/>\nLe rapport final, actuellement en cours de pr\u00e9paration, pourrait entra\u00eener des cons\u00e9quences administratives ou judiciaires, selon la gravit\u00e9 des responsabilit\u00e9s \u00e9tablies.<\/p>\n","protected":false},"excerpt":{"rendered":"<p>Des sources bien inform\u00e9es ont r\u00e9v\u00e9l\u00e9 que l\u2019inspecteur v\u00e9rificateur Naji Sidi Mohamed Khalifa, commis par l\u2019Inspection G\u00e9n\u00e9rale de l\u2019\u00c9tat, a soumis un rapport pr\u00e9liminaire accablant au ministre des Affaires islamiques et de l\u2019Enseignement originel, Sidi Yahya Cheikhna Mrabit. Ce document, portant sur la gestion du dossier du Hajj 1446 (2025), fait \u00e9tat de la disparition &hellip;<\/p>\n","protected":false},"author":2,"featured_media":13586,"comment_status":"open","ping_status":"open","sticky":false,"template":"","format":"standard","meta":{"footnotes":""},"categories":[18,2],"tags":[],"class_list":["post-17161","post","type-post","status-publish","format-standard","has-post-thumbnail","hentry","category-actualites","category-economie"],"_links":{"self":[{"href":"https:\/\/ladepeche.mr\/index.php?rest_route=\/wp\/v2\/posts\/17161","targetHints":{"allow":["GET"]}}],"collection":[{"href":"https:\/\/ladepeche.mr\/index.php?rest_route=\/wp\/v2\/posts"}],"about":[{"href":"https:\/\/ladepeche.mr\/index.php?rest_route=\/wp\/v2\/types\/post"}],"author":[{"embeddable":true,"href":"https:\/\/ladepeche.mr\/index.php?rest_route=\/wp\/v2\/users\/2"}],"replies":[{"embeddable":true,"href":"https:\/\/ladepeche.mr\/index.php?rest_route=%2Fwp%2Fv2%2Fcomments&post=17161"}],"version-history":[{"count":1,"href":"https:\/\/ladepeche.mr\/index.php?rest_route=\/wp\/v2\/posts\/17161\/revisions"}],"predecessor-version":[{"id":17162,"href":"https:\/\/ladepeche.mr\/index.php?rest_route=\/wp\/v2\/posts\/17161\/revisions\/17162"}],"wp:featuredmedia":[{"embeddable":true,"href":"https:\/\/ladepeche.mr\/index.php?rest_route=\/wp\/v2\/media\/13586"}],"wp:attachment":[{"href":"https:\/\/ladepeche.mr\/index.php?rest_route=%2Fwp%2Fv2%2Fmedia&parent=17161"}],"wp:term":[{"taxonomy":"category","embeddable":true,"href":"https:\/\/ladepeche.mr\/index.php?rest_route=%2Fwp%2Fv2%2Fcategories&post=17161"},{"taxonomy":"post_tag","embeddable":true,"href":"https:\/\/ladepeche.mr\/index.php?rest_route=%2Fwp%2Fv2%2Ftags&post=17161"}],"curies":[{"name":"wp","href":"https:\/\/api.w.org\/{rel}","templated":true}]}}