{"id":17168,"date":"2025-07-27T22:18:00","date_gmt":"2025-07-27T22:18:00","guid":{"rendered":"https:\/\/ladepeche.mr\/?p=17168"},"modified":"2025-07-27T22:18:00","modified_gmt":"2025-07-27T22:18:00","slug":"le-president-a-ndb-pour-inaugurer-et-proceder-a-la-pose-de-la-premiere-pierre-de-projets-de-developpement","status":"publish","type":"post","link":"https:\/\/ladepeche.mr\/?p=17168","title":{"rendered":"Le pr\u00e9sident \u00e0 NDB pour inaugurer et proc\u00e9der \u00e0 la pose de la premi\u00e8re pierre de projets de d\u00e9veloppement"},"content":{"rendered":"<p>Son Excellence le Pr\u00e9sident de la R\u00e9publique, Monsieur Mohamed ould Cheikh El Ghazouani, est arriv\u00e9, dimanche soir \u00e0 Nouadhibou au d\u00e9but d\u2019une visite au cours de laquelle il supervisera l\u2019inauguration et la pose de la premi\u00e8re pierre d\u2019un certain nombre d\u2019importants projets de d\u00e9veloppement au profit des populations de notre capitale \u00e9conomique.<\/p>\n<p>Le Pr\u00e9sident de la R\u00e9publique a \u00e9t\u00e9 accueilli \u00e0 son arriv\u00e9e \u00e0 l\u2019a\u00e9roport international de Nouadhibou par le wali de Dakhlet Nouadhibou, M. Mahi Ould Hamed, le pr\u00e9siident de l\u2019Autorit\u00e9 de la zone franche de Nouadhibou, M. Diagana Issaka, le pr\u00e9sident du conseil r\u00e9gional de Dakhlet Nouadhibou, M. Mohamed El Mamy ould Ahmed Bezeid, le commandant de la premi\u00e8re r\u00e9gion militaire, le colonel Ahmedou Ould Sayem, le hakem de la moughataa de Nouadhibou, M. Sid\u2019Ahmed Ould Houeibib, le maire de la commune de Nouadhibou et d\u00e9put\u00e9 El Ghassem Ould Bellali, l\u2019Adminstrateur Directeur g\u00e9n\u00e9ral de la SNIM, , les directeurs des ports de Dakhlet Nouadhibou, et le pr\u00e9sident du parti El Insaf, M. Sid\u2019Ahmed Ould Mohamed , les \u00e9lus et les autorit\u00e9s administratives et s\u00e9curitaires dans la wilaya.<\/p>\n<p>Le Pr\u00e9sident de la R\u00e9publique a pass\u00e9 en revue des formations de la premi\u00e8re r\u00e9gion militaire, de la marine nationale et de la garde nationale venues rendre les honneurs avant de saluer les hauts responsables , les notables et les cadres venus l\u2019accueillir.<\/p>\n<p>Les populations de la wilaya de Dakhlet Nouadhibou ont r\u00e9serv\u00e9 un accueil populaire chaleureux au Pr\u00e9sident de la R\u00e9publique dans la place situ\u00e9e en face de l\u2019a\u00e9roport, portant haut les drapeaux nationaux et les photos de Son Excellence ainsi que des pancartes glorifiant les principales r\u00e9alisations qu\u2019a connues le pays au cours des mandats du Pr\u00e9sident de la R\u00e9publique.<\/p>\n<p>Le Pr\u00e9sident de la R\u00e9publique est accompagn\u00e9 d\u2019une importante d\u00e9l\u00e9gation comprenant MM.:<\/p>\n<p>\u2013 Dr Mariem Fadel Dah, Premi\u00e8re Dame<\/p>\n<p>\u2013 Nany ould Chrougha, ministre charg\u00e9 du cabinet du Pr\u00e9sident de la R\u00e9publique<\/p>\n<p>\u2013 Ahmed Salem Ould Bed\u00e9 Achvagh\u00e9, ministre de la transformation num\u00e9rique et de la modernisation de l\u2019Administration<\/p>\n<p>\u2013 El Vadhil Ould Sidaty Ould Ahmed Louly , ministre des P\u00eaches et des infrastructures maritimes et portuaires,<\/p>\n<p>\u2013 M. Mamoudou Mamadou Niang, ministre de l\u2019habitat, de l\u2019urbanisme et de l\u2019am\u00e9nagement du territoire,<\/p>\n<p>\u2013 Mme Amal Mint Maouloud, ministre de l\u2019hydraulique et de l\u2019assainissement,<\/p>\n<p>\u2013 M. Mohamed Mahmoud Ould Emat, conseiller \u00e0 la Pr\u00e9sidence de la R\u00e9publique,<\/p>\n<p>-M. Ethmane Tall, conseiller \u00e0 la Pr\u00e9sidence de la R\u00e9publique,<\/p>\n<p>\u2013 M. Sidi Ould Moulaye Zeine, conseiller \u00e0 la Pr\u00e9sidence de la R\u00e9publique,<\/p>\n<p>\u2013 Mme Lemina Mint Moma, Charg\u00e9e de mission \u00e0 la Pr\u00e9sidence de la R\u00e9publique<\/p>\n<p>\u2013 M. El Hacen ould Ahmed, directeur g\u00e9n\u00e9ral du Protocole d\u2019Etat<\/p>\n<p>et une d\u00e9l\u00e9gation des hommes d\u2019affaires mauritaniens pr\u00e9sid\u00e9e par M. Mohamed Zein El Abidine Ould Cheikh Ahmed, pr\u00e9sident de l\u2019Union nationale du patronat mauritanien.<br \/>\nAmi<\/p>\n","protected":false},"excerpt":{"rendered":"<p>Son Excellence le Pr\u00e9sident de la R\u00e9publique, Monsieur Mohamed ould Cheikh El Ghazouani, est arriv\u00e9, dimanche soir \u00e0 Nouadhibou au d\u00e9but d\u2019une visite au cours de laquelle il supervisera l\u2019inauguration et la pose de la premi\u00e8re pierre d\u2019un certain nombre d\u2019importants projets de d\u00e9veloppement au profit des populations de notre capitale \u00e9conomique. Le Pr\u00e9sident de &hellip;<\/p>\n","protected":false},"author":2,"featured_media":17166,"comment_status":"open","ping_status":"open","sticky":false,"template":"","format":"standard","meta":{"footnotes":""},"categories":[18,31],"tags":[],"class_list":["post-17168","post","type-post","status-publish","format-standard","has-post-thumbnail","hentry","category-actualites","category-politique-et-reportages"],"_links":{"self":[{"href":"https:\/\/ladepeche.mr\/index.php?rest_route=\/wp\/v2\/posts\/17168","targetHints":{"allow":["GET"]}}],"collection":[{"href":"https:\/\/ladepeche.mr\/index.php?rest_route=\/wp\/v2\/posts"}],"about":[{"href":"https:\/\/ladepeche.mr\/index.php?rest_route=\/wp\/v2\/types\/post"}],"author":[{"embeddable":true,"href":"https:\/\/ladepeche.mr\/index.php?rest_route=\/wp\/v2\/users\/2"}],"replies":[{"embeddable":true,"href":"https:\/\/ladepeche.mr\/index.php?rest_route=%2Fwp%2Fv2%2Fcomments&post=17168"}],"version-history":[{"count":1,"href":"https:\/\/ladepeche.mr\/index.php?rest_route=\/wp\/v2\/posts\/17168\/revisions"}],"predecessor-version":[{"id":17169,"href":"https:\/\/ladepeche.mr\/index.php?rest_route=\/wp\/v2\/posts\/17168\/revisions\/17169"}],"wp:featuredmedia":[{"embeddable":true,"href":"https:\/\/ladepeche.mr\/index.php?rest_route=\/wp\/v2\/media\/17166"}],"wp:attachment":[{"href":"https:\/\/ladepeche.mr\/index.php?rest_route=%2Fwp%2Fv2%2Fmedia&parent=17168"}],"wp:term":[{"taxonomy":"category","embeddable":true,"href":"https:\/\/ladepeche.mr\/index.php?rest_route=%2Fwp%2Fv2%2Fcategories&post=17168"},{"taxonomy":"post_tag","embeddable":true,"href":"https:\/\/ladepeche.mr\/index.php?rest_route=%2Fwp%2Fv2%2Ftags&post=17168"}],"curies":[{"name":"wp","href":"https:\/\/api.w.org\/{rel}","templated":true}]}}