{"id":17196,"date":"2025-07-28T22:00:58","date_gmt":"2025-07-28T22:00:58","guid":{"rendered":"https:\/\/ladepeche.mr\/?p=17196"},"modified":"2025-07-28T21:17:12","modified_gmt":"2025-07-28T21:17:12","slug":"politique-lassemblee-nationale-elit-son-staff","status":"publish","type":"post","link":"https:\/\/ladepeche.mr\/?p=17196","title":{"rendered":"Politique: L\u2019Assembl\u00e9e nationale \u00e9lit son staff"},"content":{"rendered":"<p>L\u2019Assembl\u00e9e nationale, a, au cours d\u2019une s\u00e9ance pl\u00e9ni\u00e8re tenue lundi, sous la pr\u00e9sidence de M. Mohamed Bamba Meguett, son pr\u00e9sident, \u00e9lu ses vice-pr\u00e9sidents, ses secr\u00e9taires, son questeur, et son rapporteur g\u00e9n\u00e9ral du budget.<\/p>\n<p>L\u2019Assembl\u00e9e a r\u00e9\u00e9lu les d\u00e9put\u00e9s occupant les fonctions suivantes:<\/p>\n<p>Vice-pr\u00e9sidents :<\/p>\n<p>\u2013 Premier vice-pr\u00e9sident : Sidney Daraman Sokhna, groupe Insaf,<\/p>\n<p>\u2013 Deuxi\u00e8me vice-pr\u00e9sident : Ahmedou Mohamed Mahfoudh M\u2019balla, groupe Tawassoul,<\/p>\n<p>\u2013 Troisi\u00e8me vice-pr\u00e9sident : El hassen Cheikh Baha, groupe El Amana,<\/p>\n<p>\u2013 Quatri\u00e8me vice-pr\u00e9sident: Ghleiwa Mane Lehdhana, groupe Insaf,<\/p>\n<p>\u2013 Cinqui\u00e8me vice-pr\u00e9sident : Mohammed Vih El Barka Bah, groupe Insaf.<\/p>\n<p>\u2013 Questeur: Baba Cheikhna Ahmed Babou, groupe Insaf.<\/p>\n<p>Secr\u00e9taires :<\/p>\n<p>\u2013 Premier secr\u00e9taire : Lemrabott Mohamed Mohamed, groupe Justice,<\/p>\n<p>\u2013 Deuxi\u00e8me secr\u00e9taire : Saadani Mohamed Kheitour, groupe Insaf,<\/p>\n<p>\u2013 Troisi\u00e8me secr\u00e9taire : Khalidou Samba Sow, groupe Alliance pour la justice et la d\u00e9mocratie\/Mouvement du renouveau,<\/p>\n<p>\u2013 Quatri\u00e8me secr\u00e9taire: Mohamed El Mokhtar Saghir M\u2019bareck, groupe Insaf,<\/p>\n<p>\u2013 Cinqui\u00e8me secr\u00e9taire : Nouha Amar Abidine Sidi, groupe Insaf,<\/p>\n<p>\u2013 Rapporteuse du budget : Mari\u00e8me Cheikh Samba Guey, groupe Sawab.<\/p>\n<p>Ami<\/p>\n","protected":false},"excerpt":{"rendered":"<p>L\u2019Assembl\u00e9e nationale, a, au cours d\u2019une s\u00e9ance pl\u00e9ni\u00e8re tenue lundi, sous la pr\u00e9sidence de M. Mohamed Bamba Meguett, son pr\u00e9sident, \u00e9lu ses vice-pr\u00e9sidents, ses secr\u00e9taires, son questeur, et son rapporteur g\u00e9n\u00e9ral du budget. L\u2019Assembl\u00e9e a r\u00e9\u00e9lu les d\u00e9put\u00e9s occupant les fonctions suivantes: Vice-pr\u00e9sidents : \u2013 Premier vice-pr\u00e9sident : Sidney Daraman Sokhna, groupe Insaf, \u2013 Deuxi\u00e8me &hellip;<\/p>\n","protected":false},"author":2,"featured_media":17197,"comment_status":"open","ping_status":"open","sticky":false,"template":"","format":"standard","meta":{"footnotes":""},"categories":[18,31],"tags":[],"class_list":["post-17196","post","type-post","status-publish","format-standard","has-post-thumbnail","hentry","category-actualites","category-politique-et-reportages"],"_links":{"self":[{"href":"https:\/\/ladepeche.mr\/index.php?rest_route=\/wp\/v2\/posts\/17196","targetHints":{"allow":["GET"]}}],"collection":[{"href":"https:\/\/ladepeche.mr\/index.php?rest_route=\/wp\/v2\/posts"}],"about":[{"href":"https:\/\/ladepeche.mr\/index.php?rest_route=\/wp\/v2\/types\/post"}],"author":[{"embeddable":true,"href":"https:\/\/ladepeche.mr\/index.php?rest_route=\/wp\/v2\/users\/2"}],"replies":[{"embeddable":true,"href":"https:\/\/ladepeche.mr\/index.php?rest_route=%2Fwp%2Fv2%2Fcomments&post=17196"}],"version-history":[{"count":1,"href":"https:\/\/ladepeche.mr\/index.php?rest_route=\/wp\/v2\/posts\/17196\/revisions"}],"predecessor-version":[{"id":17198,"href":"https:\/\/ladepeche.mr\/index.php?rest_route=\/wp\/v2\/posts\/17196\/revisions\/17198"}],"wp:featuredmedia":[{"embeddable":true,"href":"https:\/\/ladepeche.mr\/index.php?rest_route=\/wp\/v2\/media\/17197"}],"wp:attachment":[{"href":"https:\/\/ladepeche.mr\/index.php?rest_route=%2Fwp%2Fv2%2Fmedia&parent=17196"}],"wp:term":[{"taxonomy":"category","embeddable":true,"href":"https:\/\/ladepeche.mr\/index.php?rest_route=%2Fwp%2Fv2%2Fcategories&post=17196"},{"taxonomy":"post_tag","embeddable":true,"href":"https:\/\/ladepeche.mr\/index.php?rest_route=%2Fwp%2Fv2%2Ftags&post=17196"}],"curies":[{"name":"wp","href":"https:\/\/api.w.org\/{rel}","templated":true}]}}