{"id":17199,"date":"2025-07-28T22:30:30","date_gmt":"2025-07-28T22:30:30","guid":{"rendered":"https:\/\/ladepeche.mr\/?p=17199"},"modified":"2025-07-28T21:20:29","modified_gmt":"2025-07-28T21:20:29","slug":"israel-palestine-ouverture-a-new-york-de-la-conference-pour-la-mise-en-oeuvre-dune-solution-a-deux-etats","status":"publish","type":"post","link":"https:\/\/ladepeche.mr\/?p=17199","title":{"rendered":"Isra\u00ebl-Palestine: Ouverture \u00e0 New-York, de la conf\u00e9rence pour la mise en oeuvre d\u2019une solution \u00e0 deux Etats"},"content":{"rendered":"<p>Cette conf\u00e9rence, plac\u00e9e sous l\u2019\u00e9gide des Nations Unies, est co-pr\u00e9sid\u00e9e par la France et l\u2019Arabie Saoudite<br \/>\nLa conf\u00e9rence qui se tient \u00e0 New-York les 28 et 29 juillet pour la mise en \u0153uvre d\u2019une solution \u00e0 deux Etats isra\u00e9lien et palestinien, s\u2019est ouverte ce lundi.<\/p>\n<p>Pr\u00e9sid\u00e9e par la France et l\u2019Arabie-Saoudite, et plac\u00e9e sous l\u2019\u00e9gide des Nations Unies, cette initiative vise \u00e0 \u0153uvrer au \u00ab r\u00e8glement pacifique de la question de Palestine et la mise en \u0153uvre de la solution \u00e0 deux Etats \u00bb, a d\u00e9clar\u00e9 le ministre fran\u00e7ais des Affaires Etrang\u00e8res, Jean-No\u00ebl Barrot, au cours de son discours d\u2019ouverture de cette conf\u00e9rence de haut niveau.<\/p>\n<p>Ce dernier insiste sur le fait que les travaux organis\u00e9s dans ce cadre, doivent notamment permettre de \u00ab d\u00e9terminer les mesures concr\u00e8tes \u00e0 prendre \u00bb.<\/p>\n<p>\u00ab 80 ans apr\u00e8s la cr\u00e9ation des Nations Unies, nous ne pouvons accepter que des civils, des femmes et des enfants, soient pris pour cible lorsqu\u2019ils se pressent dans des distributions alimentaires. C\u2019est inacceptable \u00bb a-t-il r\u00e9affirm\u00e9.<\/p>\n<p>Et de poursuivre: \u00ab La conf\u00e9rence de New-York doit constituer une \u00e9tape d\u00e9cisive et transformation pour la mise en \u0153uvre de la solution \u00e0 deux Etats. Nous devons travailler aux voies et aux moyens de passer de la fin de la guerre \u00e0 Gaza, \u00e0 la fin du conflit isra\u00e9lo-palestinien, alors que cette guerre menace la stabilit\u00e9 et la s\u00e9curit\u00e9 de la r\u00e9gion toute enti\u00e8re \u00bb.<\/p>\n<p>Il consid\u00e8re de fait que \u00ab pour y parvenir, seule une solution politique \u00e0 deux Etats permet de r\u00e9pondre aux aspirations l\u00e9gitimes des isra\u00e9liens et des palestiniens, \u00e0 vivre en paix et en s\u00e9curit\u00e9 \u00bb.<\/p>\n<p>La France d\u00e9nonce \u00ab les faits accomplis sur le terrain \u00bb et \u00ab l\u2019acc\u00e9l\u00e9ration sans pr\u00e9c\u00e9dent de la colonisation isra\u00e9lienne en Cisjordanie \u00bb et mart\u00e8le que \u00ab la perspective d\u2019un Etat palestinien viable doit \u00eatre pr\u00e9serv\u00e9e vers la mise en \u0153uvre de mesures concr\u00e8tes \u00bb.<\/p>\n<p>Pour ce faire, huit groupes de travail ont \u00e9t\u00e9 constitu\u00e9s dans le cadre de cette conf\u00e9rence, pour aboutir \u00e0 des conclusions qui permettront de mettre en route, une solution \u00e0 deux Etats.<\/p>\n<p>\u00ab Cette guerre qui a trop dur\u00e9 doit cesser, les armes doivent se taire et laisser place \u00e0 un cessez-le-feu imm\u00e9diat et durable \u00bb a par ailleurs exhort\u00e9 Jean-No\u00ebl Barrot, pointant \u00ab le calvaire \u00bb de la population gazaouie et appelant \u00e0 la lib\u00e9ration de otages isra\u00e9liens.<\/p>\n<p>Pour rappel, cette conf\u00e9rence avait \u00e9t\u00e9 annonc\u00e9e par le pr\u00e9sident Emmanuel Macron, en avril dernier, apr\u00e8s un voyage officiel en Egypte.<\/p>\n<p>Le chef de l\u2019Etat a confirm\u00e9 ces derniers jours, qu\u2019il s\u2019appr\u00eatait \u00e0 reconna\u00eetre officiellement l\u2019Etat de Palestine en septembre prochain.<br \/>\naa.com.tr<\/p>\n","protected":false},"excerpt":{"rendered":"<p>Cette conf\u00e9rence, plac\u00e9e sous l\u2019\u00e9gide des Nations Unies, est co-pr\u00e9sid\u00e9e par la France et l\u2019Arabie Saoudite La conf\u00e9rence qui se tient \u00e0 New-York les 28 et 29 juillet pour la mise en \u0153uvre d\u2019une solution \u00e0 deux Etats isra\u00e9lien et palestinien, s\u2019est ouverte ce lundi. Pr\u00e9sid\u00e9e par la France et l\u2019Arabie-Saoudite, et plac\u00e9e sous l\u2019\u00e9gide &hellip;<\/p>\n","protected":false},"author":2,"featured_media":17200,"comment_status":"open","ping_status":"open","sticky":false,"template":"","format":"standard","meta":{"footnotes":""},"categories":[18,29],"tags":[],"class_list":["post-17199","post","type-post","status-publish","format-standard","has-post-thumbnail","hentry","category-actualites","category-monde"],"_links":{"self":[{"href":"https:\/\/ladepeche.mr\/index.php?rest_route=\/wp\/v2\/posts\/17199","targetHints":{"allow":["GET"]}}],"collection":[{"href":"https:\/\/ladepeche.mr\/index.php?rest_route=\/wp\/v2\/posts"}],"about":[{"href":"https:\/\/ladepeche.mr\/index.php?rest_route=\/wp\/v2\/types\/post"}],"author":[{"embeddable":true,"href":"https:\/\/ladepeche.mr\/index.php?rest_route=\/wp\/v2\/users\/2"}],"replies":[{"embeddable":true,"href":"https:\/\/ladepeche.mr\/index.php?rest_route=%2Fwp%2Fv2%2Fcomments&post=17199"}],"version-history":[{"count":1,"href":"https:\/\/ladepeche.mr\/index.php?rest_route=\/wp\/v2\/posts\/17199\/revisions"}],"predecessor-version":[{"id":17201,"href":"https:\/\/ladepeche.mr\/index.php?rest_route=\/wp\/v2\/posts\/17199\/revisions\/17201"}],"wp:featuredmedia":[{"embeddable":true,"href":"https:\/\/ladepeche.mr\/index.php?rest_route=\/wp\/v2\/media\/17200"}],"wp:attachment":[{"href":"https:\/\/ladepeche.mr\/index.php?rest_route=%2Fwp%2Fv2%2Fmedia&parent=17199"}],"wp:term":[{"taxonomy":"category","embeddable":true,"href":"https:\/\/ladepeche.mr\/index.php?rest_route=%2Fwp%2Fv2%2Fcategories&post=17199"},{"taxonomy":"post_tag","embeddable":true,"href":"https:\/\/ladepeche.mr\/index.php?rest_route=%2Fwp%2Fv2%2Ftags&post=17199"}],"curies":[{"name":"wp","href":"https:\/\/api.w.org\/{rel}","templated":true}]}}