{"id":17202,"date":"2025-07-29T11:05:37","date_gmt":"2025-07-29T11:05:37","guid":{"rendered":"https:\/\/ladepeche.mr\/?p=17202"},"modified":"2025-07-29T11:26:49","modified_gmt":"2025-07-29T11:26:49","slug":"le-secretaire-general-du-ministere-de-leconomie-et-des-finances-recoit-une-delegation-du-fonds-de-solidarite-africain","status":"publish","type":"post","link":"https:\/\/ladepeche.mr\/?p=17202","title":{"rendered":"Le Secr\u00e9taire g\u00e9n\u00e9ral du Minist\u00e8re de l&#8217;\u00c9conomie et des Finances re\u00e7oit une d\u00e9l\u00e9gation du  Fonds de Solidarit\u00e9 Africain"},"content":{"rendered":"<p>Le Secr\u00e9taire g\u00e9n\u00e9ral du Minist\u00e8re de l&#8217;Economie et des Finances, M. Yacoub Ould Ahmed Aicha, a re\u00e7u en audience, lundi, une d\u00e9l\u00e9gation du Fonds de Solidarit\u00e9 Africain (FSA), conduite par son directeur g\u00e9n\u00e9ral, M. Abdourahmane Diallo, accompagn\u00e9 de Messieurs Abdoulahi Ahmedou Sidibe et Ahmadou Soumar\u00e9, respectivement directeur des Op\u00e9rations et des Projets et Charg\u00e9 d&#8217;Affaires S\u00e9nior responsable du portefeuille de la Mauritanie.<\/p>\n<p>Ont \u00e9galement pris part \u00e0 la rencontre, du c\u00f4t\u00e9 mauritanien, Messieurs: Bouh Ould Tar, Conseiller Technique au Minist\u00e8re de l&#8217;\u00c9conomie et des Finances; Mohamed Salem Ould Nany, directeur g\u00e9n\u00e9ral des Financements et de la Coop\u00e9ration \u00e9conomique; Mohamed Ould Teghere, directeur g\u00e9n\u00e9ral de l&#8217;Evaluation, du Suivi et des Reformes, administrateur du FSA pour la Mauritanie.<\/p>\n<p>L&#8217;objet de la visite est de r\u00e9it\u00e9rer le ferme engagement du FSA \u00e0 appuyer le pays dans sa marche vers l&#8217;\u00e9mergence, s&#8217;entretenir avec les diff\u00e9rents acteurs publics et priv\u00e9s au sujet des r\u00e9alisations, des perspectives et ambitions du Fonds et recevoir les orientations des autorit\u00e9s en vue de renforcer ses interventions en Mauritanie dans le futur.<\/p>\n<p>Il convient de rappeler que le FSA est une institution multilat\u00e9rale de garantie,  qui a pour but de faciliter l&#8217;acc\u00e8s au financement pour soutenir la cr\u00e9ation de la valeur ajout\u00e9e et d&#8217;emplois productifs en appui aux Etats et au secteur priv\u00e9.<\/p>\n","protected":false},"excerpt":{"rendered":"<p>Le Secr\u00e9taire g\u00e9n\u00e9ral du Minist\u00e8re de l&#8217;Economie et des Finances, M. Yacoub Ould Ahmed Aicha, a re\u00e7u en audience, lundi, une d\u00e9l\u00e9gation du Fonds de Solidarit\u00e9 Africain (FSA), conduite par son directeur g\u00e9n\u00e9ral, M. Abdourahmane Diallo, accompagn\u00e9 de Messieurs Abdoulahi Ahmedou Sidibe et Ahmadou Soumar\u00e9, respectivement directeur des Op\u00e9rations et des Projets et Charg\u00e9 d&#8217;Affaires &hellip;<\/p>\n","protected":false},"author":2,"featured_media":17203,"comment_status":"open","ping_status":"open","sticky":false,"template":"","format":"standard","meta":{"footnotes":""},"categories":[18,2],"tags":[],"class_list":["post-17202","post","type-post","status-publish","format-standard","has-post-thumbnail","hentry","category-actualites","category-economie"],"_links":{"self":[{"href":"https:\/\/ladepeche.mr\/index.php?rest_route=\/wp\/v2\/posts\/17202","targetHints":{"allow":["GET"]}}],"collection":[{"href":"https:\/\/ladepeche.mr\/index.php?rest_route=\/wp\/v2\/posts"}],"about":[{"href":"https:\/\/ladepeche.mr\/index.php?rest_route=\/wp\/v2\/types\/post"}],"author":[{"embeddable":true,"href":"https:\/\/ladepeche.mr\/index.php?rest_route=\/wp\/v2\/users\/2"}],"replies":[{"embeddable":true,"href":"https:\/\/ladepeche.mr\/index.php?rest_route=%2Fwp%2Fv2%2Fcomments&post=17202"}],"version-history":[{"count":3,"href":"https:\/\/ladepeche.mr\/index.php?rest_route=\/wp\/v2\/posts\/17202\/revisions"}],"predecessor-version":[{"id":17206,"href":"https:\/\/ladepeche.mr\/index.php?rest_route=\/wp\/v2\/posts\/17202\/revisions\/17206"}],"wp:featuredmedia":[{"embeddable":true,"href":"https:\/\/ladepeche.mr\/index.php?rest_route=\/wp\/v2\/media\/17203"}],"wp:attachment":[{"href":"https:\/\/ladepeche.mr\/index.php?rest_route=%2Fwp%2Fv2%2Fmedia&parent=17202"}],"wp:term":[{"taxonomy":"category","embeddable":true,"href":"https:\/\/ladepeche.mr\/index.php?rest_route=%2Fwp%2Fv2%2Fcategories&post=17202"},{"taxonomy":"post_tag","embeddable":true,"href":"https:\/\/ladepeche.mr\/index.php?rest_route=%2Fwp%2Fv2%2Ftags&post=17202"}],"curies":[{"name":"wp","href":"https:\/\/api.w.org\/{rel}","templated":true}]}}