{"id":17208,"date":"2025-07-29T12:25:25","date_gmt":"2025-07-29T12:25:25","guid":{"rendered":"https:\/\/ladepeche.mr\/?p=17208"},"modified":"2025-07-29T12:25:25","modified_gmt":"2025-07-29T12:25:25","slug":"il-faut-appeler-un-genocide-par-son-nom-deux-ong-israeliennes-se-prononcent-sur-loperation-de-larmee-a-gaza","status":"publish","type":"post","link":"https:\/\/ladepeche.mr\/?p=17208","title":{"rendered":"\u00ab Il faut appeler un g\u00e9nocide par son nom \u00bb : deux ONG isra\u00e9liennes se prononcent sur l\u2019op\u00e9ration de l\u2019arm\u00e9e \u00e0 Gaza"},"content":{"rendered":"<p>B\u2019Tselem et Physicians for Human Rights sont deux organisations phares de la soci\u00e9t\u00e9 civile isra\u00e9lienne, \u00e0 la pointe de la d\u00e9fense des droits humains. Elles publient conjointement, lundi 28 juillet, deux rapports qui concluent que l\u2019arm\u00e9e poursuit \u00e0 Gaza une politique intentionnelle de destruction de la soci\u00e9t\u00e9 palestinienne.<\/p>\n<p>B\u2019Tselem et Physicians for Human Rights Israel (PHRI, M\u00e9decins pour les droits humains) sont deux piliers de la soci\u00e9t\u00e9 civile isra\u00e9lienne, au premier rang de la lutte contre l\u2019occupation des territoires palestiniens. Fond\u00e9e en 1989, dans le contexte de la premi\u00e8re Intifada, B\u2019Tselem est la plus prestigieuse organisation de d\u00e9fense des droits humains du pays. Elle a re\u00e7u en 2018 le prix des droits de l\u2019homme de la R\u00e9publique fran\u00e7aise. Cr\u00e9\u00e9e en 1988, PHRI est \u00e0 l\u2019avant-garde de la d\u00e9fense des droits humains dans le domaine de la sant\u00e9.<\/p>\n<p>Lundi 28 juillet, ces deux ONG ont rendu publics deux rapports consacr\u00e9s \u00e0 la guerre lanc\u00e9e \u00e0 Gaza en r\u00e9action \u00e0 l\u2019attaque terroriste du 7-Octobre. L\u2019un et l\u2019autre concluent qu\u2019\u00ab Isra\u00ebl m\u00e8ne des actions coordonn\u00e9es pour intentionnellement d\u00e9truire la soci\u00e9t\u00e9 palestinienne \u00e0 Gaza. En d\u2019autres mots, qu\u2019Isra\u00ebl commet un g\u00e9nocide \u00bb. Yuli Novak, directrice de B\u2019Tselem, et Guy Shalev, son homologue pour PHRI, expliquent leur d\u00e9marche.<\/p>\n<p>Comment \u00eates-vous parvenus \u00e0 la conclusion que l\u2019arm\u00e9e isra\u00e9lienne commet un g\u00e9nocide \u00e0 Gaza ?<br \/>\nYuli Novak : Nous avons collect\u00e9 toutes les informations disponibles sur les actions de l\u2019arm\u00e9e \u00e0 Gaza. Cela nous a amen\u00e9s \u00e0 la conclusion qu\u2019Isra\u00ebl m\u00e8ne de fa\u00e7on coordonn\u00e9e et intentionnelle une politique destin\u00e9e \u00e0 d\u00e9truire la soci\u00e9t\u00e9 palestinienne dans la bande de Gaza. Tout ce dont les \u00eatres humains ont besoin pour vivre est cibl\u00e9, tout ce sur quoi repose la soci\u00e9t\u00e9, en commen\u00e7ant par les habitations, les infrastructures, etc. Un g\u00e9nocide, ce n\u2019est pas seulement des tueries de masse. Ce qui s\u2019observe \u00e0 Gaza s\u2019inscrit dans un processus de destructions, coordonn\u00e9.<\/p>\n<p>https:\/\/www.lemonde.fr\/international\/article\/2025\/07\/28\/deux-ong-israeliennes-se-prononcent-sur-l-operation-de-l-armee-a-gaza-il-faut-appeler-un-genocide-par-son-nom_6624845_3210.html<\/p>\n","protected":false},"excerpt":{"rendered":"<p>B\u2019Tselem et Physicians for Human Rights sont deux organisations phares de la soci\u00e9t\u00e9 civile isra\u00e9lienne, \u00e0 la pointe de la d\u00e9fense des droits humains. Elles publient conjointement, lundi 28 juillet, deux rapports qui concluent que l\u2019arm\u00e9e poursuit \u00e0 Gaza une politique intentionnelle de destruction de la soci\u00e9t\u00e9 palestinienne. B\u2019Tselem et Physicians for Human Rights Israel &hellip;<\/p>\n","protected":false},"author":2,"featured_media":17209,"comment_status":"open","ping_status":"open","sticky":false,"template":"","format":"standard","meta":{"footnotes":""},"categories":[18,29],"tags":[],"class_list":["post-17208","post","type-post","status-publish","format-standard","has-post-thumbnail","hentry","category-actualites","category-monde"],"_links":{"self":[{"href":"https:\/\/ladepeche.mr\/index.php?rest_route=\/wp\/v2\/posts\/17208","targetHints":{"allow":["GET"]}}],"collection":[{"href":"https:\/\/ladepeche.mr\/index.php?rest_route=\/wp\/v2\/posts"}],"about":[{"href":"https:\/\/ladepeche.mr\/index.php?rest_route=\/wp\/v2\/types\/post"}],"author":[{"embeddable":true,"href":"https:\/\/ladepeche.mr\/index.php?rest_route=\/wp\/v2\/users\/2"}],"replies":[{"embeddable":true,"href":"https:\/\/ladepeche.mr\/index.php?rest_route=%2Fwp%2Fv2%2Fcomments&post=17208"}],"version-history":[{"count":1,"href":"https:\/\/ladepeche.mr\/index.php?rest_route=\/wp\/v2\/posts\/17208\/revisions"}],"predecessor-version":[{"id":17210,"href":"https:\/\/ladepeche.mr\/index.php?rest_route=\/wp\/v2\/posts\/17208\/revisions\/17210"}],"wp:featuredmedia":[{"embeddable":true,"href":"https:\/\/ladepeche.mr\/index.php?rest_route=\/wp\/v2\/media\/17209"}],"wp:attachment":[{"href":"https:\/\/ladepeche.mr\/index.php?rest_route=%2Fwp%2Fv2%2Fmedia&parent=17208"}],"wp:term":[{"taxonomy":"category","embeddable":true,"href":"https:\/\/ladepeche.mr\/index.php?rest_route=%2Fwp%2Fv2%2Fcategories&post=17208"},{"taxonomy":"post_tag","embeddable":true,"href":"https:\/\/ladepeche.mr\/index.php?rest_route=%2Fwp%2Fv2%2Ftags&post=17208"}],"curies":[{"name":"wp","href":"https:\/\/api.w.org\/{rel}","templated":true}]}}