{"id":17222,"date":"2025-07-29T14:40:05","date_gmt":"2025-07-29T14:40:05","guid":{"rendered":"https:\/\/ladepeche.mr\/?p=17222"},"modified":"2025-07-29T17:54:23","modified_gmt":"2025-07-29T17:54:23","slug":"politique-le-maire-sexcuse-aupres-du-president-de-la-region-apres-lavoir-omis-dans-son-discours-2","status":"publish","type":"post","link":"https:\/\/ladepeche.mr\/?p=17222","title":{"rendered":"Ghazouani \u00e0 Nouadhibou : le maire s\u2019excuse aupr\u00e8s du pr\u00e9sident du conseil r\u00e9gional apr\u00e8s l\u2019avoir omis dans son discours"},"content":{"rendered":"<p>Lors de son discours devant le pr\u00e9sident, le maire de la ville de Nouadhibou, Ghassem Ould Bellali, avait omis de citer le nom du pr\u00e9sident du conseil r\u00e9gional qu\u2019il consid\u00e8re comme un farouche adversaire politique dans la r\u00e9gion et qui se trouvait \u00e0 c\u00f4t\u00e9 du pr\u00e9sident de la R\u00e9publique.<br \/>\nUn oubli que le microcosme politique a interpr\u00e9t\u00e9 comme \u00abinopin\u00e9\u00a0\u00bb et \u00abmaladroit\u00a0\u00bb du maire pendant une visite pr\u00e9sidentielle. D\u2019autres estiment que le maire connu son franc-parler \u00e9tait sinc\u00e8re dans son regret \u00e0 l\u2019endroit du pr\u00e9sident du conseil r\u00e9gional.<br \/>\nMais Ould Bellali a voulu se racheter en publiant officiellement un communiqu\u00e9, apr\u00e8s la c\u00e9r\u00e9monie, pour s\u2019excuser aupr\u00e8s de l\u2019int\u00e9ress\u00e9 attestant que ce fut inadvertance et en veut pour preuve que le nom du pr\u00e9sident du conseil r\u00e9gional figurait bien dans le texte remis aux m\u00e9dias apr\u00e8s sa lecture.<br \/>\nVrai ou faux? Chacun y va de son positionnement politique entre les deux hommes.<\/p>\n","protected":false},"excerpt":{"rendered":"<p>Lors de son discours devant le pr\u00e9sident, le maire de la ville de Nouadhibou, Ghassem Ould Bellali, avait omis de citer le nom du pr\u00e9sident du conseil r\u00e9gional qu\u2019il consid\u00e8re comme un farouche adversaire politique dans la r\u00e9gion et qui se trouvait \u00e0 c\u00f4t\u00e9 du pr\u00e9sident de la R\u00e9publique. Un oubli que le microcosme politique &hellip;<\/p>\n","protected":false},"author":2,"featured_media":17223,"comment_status":"open","ping_status":"open","sticky":false,"template":"","format":"standard","meta":{"footnotes":""},"categories":[18,31],"tags":[],"class_list":["post-17222","post","type-post","status-publish","format-standard","has-post-thumbnail","hentry","category-actualites","category-politique-et-reportages"],"_links":{"self":[{"href":"https:\/\/ladepeche.mr\/index.php?rest_route=\/wp\/v2\/posts\/17222","targetHints":{"allow":["GET"]}}],"collection":[{"href":"https:\/\/ladepeche.mr\/index.php?rest_route=\/wp\/v2\/posts"}],"about":[{"href":"https:\/\/ladepeche.mr\/index.php?rest_route=\/wp\/v2\/types\/post"}],"author":[{"embeddable":true,"href":"https:\/\/ladepeche.mr\/index.php?rest_route=\/wp\/v2\/users\/2"}],"replies":[{"embeddable":true,"href":"https:\/\/ladepeche.mr\/index.php?rest_route=%2Fwp%2Fv2%2Fcomments&post=17222"}],"version-history":[{"count":6,"href":"https:\/\/ladepeche.mr\/index.php?rest_route=\/wp\/v2\/posts\/17222\/revisions"}],"predecessor-version":[{"id":17241,"href":"https:\/\/ladepeche.mr\/index.php?rest_route=\/wp\/v2\/posts\/17222\/revisions\/17241"}],"wp:featuredmedia":[{"embeddable":true,"href":"https:\/\/ladepeche.mr\/index.php?rest_route=\/wp\/v2\/media\/17223"}],"wp:attachment":[{"href":"https:\/\/ladepeche.mr\/index.php?rest_route=%2Fwp%2Fv2%2Fmedia&parent=17222"}],"wp:term":[{"taxonomy":"category","embeddable":true,"href":"https:\/\/ladepeche.mr\/index.php?rest_route=%2Fwp%2Fv2%2Fcategories&post=17222"},{"taxonomy":"post_tag","embeddable":true,"href":"https:\/\/ladepeche.mr\/index.php?rest_route=%2Fwp%2Fv2%2Ftags&post=17222"}],"curies":[{"name":"wp","href":"https:\/\/api.w.org\/{rel}","templated":true}]}}