{"id":17229,"date":"2025-07-29T16:45:51","date_gmt":"2025-07-29T16:45:51","guid":{"rendered":"https:\/\/ladepeche.mr\/?p=17229"},"modified":"2025-07-29T16:46:06","modified_gmt":"2025-07-29T16:46:06","slug":"cote-divoire-alassane-ouattara-jai-decide-detre-candidat-a-la-presidentielle","status":"publish","type":"post","link":"https:\/\/ladepeche.mr\/?p=17229","title":{"rendered":"C\u00f4te d\u2019Ivoire \u2013 Alassane Ouattara : \u00ab J\u2019ai d\u00e9cid\u00e9 d\u2019\u00eatre candidat \u00e0 la pr\u00e9sidentielle \u00bb"},"content":{"rendered":"<p data-t=\"{&quot;n&quot;:&quot;blueLinks&quot;,&quot;t&quot;:13,&quot;a&quot;:&quot;click&quot;,&quot;b&quot;:76}\"><strong>\u00c0 trois mois de l\u2019\u00e9lection pr\u00e9sidentielle, le chef de l\u2019\u00c9tat a annonc\u00e9, ce mardi 29 juillet, sa candidature \u00e0 un quatri\u00e8me mandat.<\/strong><\/p>\n<p>L\u2019annonce \u00e9tait tr\u00e8s attendue, tant par ses partisans que par ses adversaires politiques. Ce mardi 29 juillet, Alassane Ouattara a mis fin \u00e0 de longs mois de sp\u00e9culations en d\u00e9clarant sa candidature \u00e0 l\u2019\u00e9lection pr\u00e9sidentielle d\u2019octobre prochain. \u00c0 la t\u00eate du pays depuis 2011, il avait \u00e9t\u00e9 r\u00e9\u00e9lu en 2015, puis en 2020. \u00ab\u00a0Je suis candidat, parce que je veux que notre ch\u00e8re C\u00f4te d\u2019Ivoire continue de demeurer un pays prosp\u00e8re, en paix et en s\u00e9curit\u00e9\u00a0\u00bb, a annonc\u00e9 le chef de l\u2019\u00c9tat, 83 ans, dans une allocution retransmise \u00e0 la t\u00e9l\u00e9vision.<\/p>\n<p class=\"continue-read-break\" data-t=\"{&quot;n&quot;:&quot;blueLinks&quot;,&quot;t&quot;:13,&quot;a&quot;:&quot;click&quot;,&quot;b&quot;:76}\">\u00ab\u00a0Je suis candidat parce que la Constitution de notre pays m\u2019autorise \u00e0 faire un autre mandat et ma sant\u00e9 le permet. Je suis candidat parce que notre pays fait face \u00e0 des d\u00e9fis s\u00e9curitaires, \u00e9conomiques et mon\u00e9taires sans pr\u00e9c\u00e9dent, dont la gestion exige de l\u2019exp\u00e9rience\u00a0\u00bb, a d\u00e9clar\u00e9 Alassane Ouattara.<\/p>\n<p data-t=\"{&quot;n&quot;:&quot;blueLinks&quot;,&quot;t&quot;:13,&quot;a&quot;:&quot;click&quot;,&quot;b&quot;:76}\">Depuis des mois, les cadres de la majorit\u00e9 pr\u00e9sidentielle multipliaient les appels \u00e0 sa candidature lors de grandes manifestations organis\u00e9es dans tout le pays. Fin juin, son parti,\u00a0<a href=\"https:\/\/www.jeuneafrique.com\/institutions\/rhdp-rassemblement-des-houphouetistes-pour-la-democratie-et-la-paix\/?utm_source=microsoft&amp;utm_medium=feeds&amp;utm_campaign=feeds-microsoft-v1\" target=\"_blank\" rel=\"noopener\" data-t=\"{&quot;n&quot;:&quot;destination&quot;,&quot;t&quot;:13,&quot;a&quot;:&quot;click&quot;,&quot;b&quot;:1,&quot;c.t&quot;:7}\">le Rassemblement des houphou\u00ebtistes pour la d\u00e9mocratie\u00a0et\u00a0la paix (RHDP)<\/a>\u00a0avait adopt\u00e9, en son absence et par acclamation, une r\u00e9solution le d\u00e9signant comme son candidat, vantant le bilan de leur \u00ab\u00a0champion du d\u00e9veloppement ivoirien\u00a0\u00bb et le pla\u00e7ant comme seul garant de la stabilit\u00e9 sous-r\u00e9gionale.<\/p>\n<h2 class=\"article-sub-heading\">\u00ab\u00a0Le devoir peut parfois transcender la parole donn\u00e9e\u00a0\u00bb<\/h2>\n<p data-t=\"{&quot;n&quot;:&quot;blueLinks&quot;,&quot;t&quot;:13,&quot;a&quot;:&quot;click&quot;,&quot;b&quot;:76}\">Cette annonce devrait sans nul doute soulever un vent d\u2019indignation dans l\u2019opposition ivoirienne qui avait boycott\u00e9 le pr\u00e9c\u00e9dent scrutin en contestation \u00e0 un troisi\u00e8me mandat jug\u00e9 anticonstitutionnel \u2013 Alassane Ouattara estimait avoir le droit de se repr\u00e9senter en raison d\u2019un changement de Constitution en 2016.<\/p>\n<p data-t=\"{&quot;n&quot;:&quot;blueLinks&quot;,&quot;t&quot;:13,&quot;a&quot;:&quot;click&quot;,&quot;b&quot;:76}\">Dans la foul\u00e9e des r\u00e9sultats, ses principaux leaders avaient mis sur pied un \u00ab\u00a0Conseil national de transition\u00a0\u00bb, dirig\u00e9 par l\u2019ancien pr\u00e9sident Henri Konan B\u00e9di\u00e9, alors patron du Parti d\u00e9mocratique de C\u00f4te d\u2019Ivoire (PDCI)\u00a0<a href=\"https:\/\/www.jeuneafrique.com\/evenements\/deces-henri-konan-bedie\/?utm_source=microsoft&amp;utm_medium=feeds&amp;utm_campaign=feeds-microsoft-v1\" target=\"_blank\" rel=\"noopener\" data-t=\"{&quot;n&quot;:&quot;destination&quot;,&quot;t&quot;:13,&quot;a&quot;:&quot;click&quot;,&quot;b&quot;:1,&quot;c.t&quot;:7}\">d\u00e9c\u00e9d\u00e9 en ao\u00fbt 2023.<\/a>\u00a0La constitution de ce CNT avait imm\u00e9diatement d\u00e9clench\u00e9 une vague d\u2019arrestations et d\u2019incarc\u00e9rations.<\/p>\n<p data-t=\"{&quot;n&quot;:&quot;blueLinks&quot;,&quot;t&quot;:13,&quot;a&quot;:&quot;click&quot;,&quot;b&quot;:76}\">Cette ann\u00e9e-l\u00e0, Alassane Ouattara avait d\u2019abord annonc\u00e9 son intention de se retirer de la course \u00e0 la pr\u00e9sidentielle et son d\u00e9sir de se consacrer \u00e0 sa nouvelle fondation avant de se raviser \u00e0 la suite du d\u00e9c\u00e8s, quatre mois avant le scrutin, de son dauphin d\u00e9sign\u00e9,\u00a0<a href=\"https:\/\/www.jeuneafrique.com\/dossiers\/presidentielle-en-cote-divoire-le-deces-damadou-gon-coulibaly-rebat-les-cartes\/?utm_source=microsoft&amp;utm_medium=feeds&amp;utm_campaign=feeds-microsoft-v1\" target=\"_blank\" rel=\"noopener\" data-t=\"{&quot;n&quot;:&quot;destination&quot;,&quot;t&quot;:13,&quot;a&quot;:&quot;click&quot;,&quot;b&quot;:1,&quot;c.t&quot;:7}\">le Premier ministre Amadou Gon Coulibaly.<\/a>\u00a0Le chef de l\u2019\u00c9tat s\u2019\u00e9tait rang\u00e9 derri\u00e8re \u00ab\u00a0un cas de force majeure\u00a0\u00bb pour expliquer son choix, sans convaincre ses d\u00e9tracteurs. Un seul candidat, un dissident du PDCI parti en ind\u00e9pendant, s\u2019\u00e9tait align\u00e9 face \u00e0 lui.<\/p>\n<p data-t=\"{&quot;n&quot;:&quot;blueLinks&quot;,&quot;t&quot;:13,&quot;a&quot;:&quot;click&quot;,&quot;b&quot;:76}\">Kouadio Konan Bertin, dit \u00ab\u00a0KKB\u00a0\u00bb avait r\u00e9colt\u00e9 1,99 % des suffrages exprim\u00e9s. Il a depuis \u00e9t\u00e9 nomm\u00e9 ministre, puis ambassadeur au Gabon. Selon le bilan officiel, au moins 87 personnes avaient \u00e9t\u00e9 tu\u00e9es et 484 autres bless\u00e9es dans des violences survenues en marge du processus \u00e9lectoral qui s\u2019\u00e9tait d\u00e9roul\u00e9 sous vive tension.<\/p>\n<p data-t=\"{&quot;n&quot;:&quot;blueLinks&quot;,&quot;t&quot;:13,&quot;a&quot;:&quot;click&quot;,&quot;b&quot;:76}\">\u00ab\u00a0Comme vous le savez, en mars 2020, j\u2019avais d\u00e9cid\u00e9 de transf\u00e9rer le pouvoir \u00e0 une jeune g\u00e9n\u00e9ration. Je l\u2019ai dit parce que je crois en l\u2019alternance et \u00e0 la transmission g\u00e9n\u00e9rationnelle. Je tiens aussi \u00e0 la parole donn\u00e9e. C\u2019est pourquoi, durant toute ma carri\u00e8re professionnelle et tout au long de mon action au service de l\u2019\u00c9tat, j\u2019ai fait du respect de la parole donn\u00e9e un engagement. Toutefois, les ann\u00e9es pass\u00e9es \u00e0 la t\u00eate de notre pays m\u2019ont fait comprendre que le devoir peut parfois transcender la parole donn\u00e9e de bonne foi\u00a0\u00bb, a affirm\u00e9 le pr\u00e9sident ivoirien dans son allocution.<\/p>\n<h2 class=\"article-sub-heading\">Tidjane Thiam et Laurent Gbagbo in\u00e9ligibles<\/h2>\n<p data-t=\"{&quot;n&quot;:&quot;blueLinks&quot;,&quot;t&quot;:13,&quot;a&quot;:&quot;click&quot;,&quot;b&quot;:76}\">Cette ann\u00e9e, Alassane Ouattara devrait affronter plusieurs personnalit\u00e9s de l\u2019opposition sous r\u00e9serve qu\u2019elles obtiennent les parrainages n\u00e9cessaires pour se lancer officiellement dans la course : l\u2019ancienne premi\u00e8re dame Simone Ehivet Gbagbo, l\u2019ancien premier ministre Pascal Affi N\u2019Guessan ou encore le d\u00e9put\u00e9 Jean-Louis Billon.<\/p>\n<p data-t=\"{&quot;n&quot;:&quot;blueLinks&quot;,&quot;t&quot;:13,&quot;a&quot;:&quot;click&quot;,&quot;b&quot;:76}\">En revanche, cette \u00e9lection pr\u00e9sidentielle se fera sans Tidjane Thiam, \u00e9lu patron du PDCI au d\u00e9c\u00e8s de B\u00e9di\u00e9, et sans l\u2019ancien pr\u00e9sident Laurent Gbagbo. Tous les deux ont \u00e9t\u00e9 exclus des listes \u00e9lectorales pour des raisons diverses et ont engag\u00e9 un bras de fer avec le pouvoir pour obtenir leur r\u00e9inscription sur les listes \u00e9lectorales. Le d\u00e9p\u00f4t des candidatures, qui a d\u00e9but\u00e9 le 26 juillet, s\u2019ach\u00e8vera \u00e0 la fin du mois d\u2019ao\u00fbt. Le premier tour de l\u2019\u00e9lection est pr\u00e9vu le 25 octobre.<\/p>\n<p data-t=\"{&quot;n&quot;:&quot;blueLinks&quot;,&quot;t&quot;:13,&quot;a&quot;:&quot;click&quot;,&quot;b&quot;:76}\"><a href=\"https:\/\/www.msn.com\/fr-xl\/politique\/gouvernement\/c%C3%B4te-d-ivoire-alassane-ouattara-j-ai-d%C3%A9cid%C3%A9-d-%C3%AAtre-candidat-%C3%A0-la-pr%C3%A9sidentielle\/ar-AA1JvGbs?ocid=msedgdhp&amp;pc=U531&amp;cvid=33ed918717b6469fa4eaf49dd650d673&amp;ei=13\">C\u00f4te d\u2019Ivoire \u2013 Alassane Ouattara : \u00ab J\u2019ai d\u00e9cid\u00e9 d\u2019\u00eatre candidat \u00e0 la pr\u00e9sidentielle \u00bb<\/a><\/p>\n","protected":false},"excerpt":{"rendered":"<p>\u00c0 trois mois de l\u2019\u00e9lection pr\u00e9sidentielle, le chef de l\u2019\u00c9tat a annonc\u00e9, ce mardi 29 juillet, sa candidature \u00e0 un quatri\u00e8me mandat. L\u2019annonce \u00e9tait tr\u00e8s attendue, tant par ses partisans que par ses adversaires politiques. Ce mardi 29 juillet, Alassane Ouattara a mis fin \u00e0 de longs mois de sp\u00e9culations en d\u00e9clarant sa candidature \u00e0 &hellip;<\/p>\n","protected":false},"author":2,"featured_media":17230,"comment_status":"open","ping_status":"open","sticky":false,"template":"","format":"standard","meta":{"footnotes":""},"categories":[18,29],"tags":[],"class_list":["post-17229","post","type-post","status-publish","format-standard","has-post-thumbnail","hentry","category-actualites","category-monde"],"_links":{"self":[{"href":"https:\/\/ladepeche.mr\/index.php?rest_route=\/wp\/v2\/posts\/17229","targetHints":{"allow":["GET"]}}],"collection":[{"href":"https:\/\/ladepeche.mr\/index.php?rest_route=\/wp\/v2\/posts"}],"about":[{"href":"https:\/\/ladepeche.mr\/index.php?rest_route=\/wp\/v2\/types\/post"}],"author":[{"embeddable":true,"href":"https:\/\/ladepeche.mr\/index.php?rest_route=\/wp\/v2\/users\/2"}],"replies":[{"embeddable":true,"href":"https:\/\/ladepeche.mr\/index.php?rest_route=%2Fwp%2Fv2%2Fcomments&post=17229"}],"version-history":[{"count":2,"href":"https:\/\/ladepeche.mr\/index.php?rest_route=\/wp\/v2\/posts\/17229\/revisions"}],"predecessor-version":[{"id":17232,"href":"https:\/\/ladepeche.mr\/index.php?rest_route=\/wp\/v2\/posts\/17229\/revisions\/17232"}],"wp:featuredmedia":[{"embeddable":true,"href":"https:\/\/ladepeche.mr\/index.php?rest_route=\/wp\/v2\/media\/17230"}],"wp:attachment":[{"href":"https:\/\/ladepeche.mr\/index.php?rest_route=%2Fwp%2Fv2%2Fmedia&parent=17229"}],"wp:term":[{"taxonomy":"category","embeddable":true,"href":"https:\/\/ladepeche.mr\/index.php?rest_route=%2Fwp%2Fv2%2Fcategories&post=17229"},{"taxonomy":"post_tag","embeddable":true,"href":"https:\/\/ladepeche.mr\/index.php?rest_route=%2Fwp%2Fv2%2Ftags&post=17229"}],"curies":[{"name":"wp","href":"https:\/\/api.w.org\/{rel}","templated":true}]}}