{"id":17233,"date":"2025-07-29T17:30:46","date_gmt":"2025-07-29T17:30:46","guid":{"rendered":"https:\/\/ladepeche.mr\/?p=17233"},"modified":"2025-07-31T14:21:26","modified_gmt":"2025-07-31T14:21:26","slug":"17233","status":"publish","type":"post","link":"https:\/\/ladepeche.mr\/?p=17233","title":{"rendered":"Merzough devant la Conf\u00e9rence internationale de l\u2019Onu sur la Palestine\u00a0: Pour une action urgente pour la Palestine"},"content":{"rendered":"<p>Lors de la conf\u00e9rence internationale sur la question palestinienne et la solution \u00e0 deux \u00c9tats, le ministre mauritanien des Affaires \u00e9trang\u00e8res, de la Coop\u00e9ration africaine et des Mauritaniens \u00e0 l\u2019Ext\u00e9rieur, Mohamed Salem Ould Merzoug, a lanc\u00e9 un appel pressant \u00e0 la communaut\u00e9 internationale pour qu\u2019elle passe &#8220;des principes aux actes&#8221;.<\/p>\n<p>Intervenant lundi au si\u00e8ge des Nations unies, M. Ould Merzoug a d\u00e9nonc\u00e9 l\u2019inaction de la communaut\u00e9 internationale face \u00e0 la situation dramatique dans la bande de Gaza et les territoires palestiniens occup\u00e9s. Il a exhort\u00e9 les \u00c9tats et organisations pr\u00e9sents \u00e0 \u00ab assumer pleinement leurs responsabilit\u00e9s \u00bb en adoptant des mesures concr\u00e8tes pour mettre fin \u00e0 ce qu\u2019il a qualifi\u00e9 de \u00ab trag\u00e9die humanitaire continue \u00bb.<\/p>\n<p><strong>Un engagement ferme pour la solution \u00e0 deux \u00c9tats<\/strong><\/p>\n<p>Le chef de la diplomatie mauritanienne a, dans ce cadre, r\u00e9it\u00e9r\u00e9 l\u2019engagement &#8220;in\u00e9branlable&#8221; de notre pays en faveur d\u2019une solution juste et durable \u00e0 la question palestinienne, bas\u00e9e sur la cr\u00e9ation d\u2019un \u00c9tat palestinien ind\u00e9pendant dans les fronti\u00e8res du 4 juin 1967, avec J\u00e9rusalem-Est comme capitale. Une position, a-t-il rappel\u00e9, plusieurs fois r\u00e9affirm\u00e9e par le pr\u00e9sident Mohamed Ould Cheikh El Ghazouani, en coh\u00e9rence avec les principes humanitaires universels.<\/p>\n<p>\u00ab Le r\u00e8glement pacifique de cette question n\u2019est plus une option que l\u2019on peut repousser. Chaque report ne fait qu\u2019aggraver la souffrance du peuple palestinien \u00bb, a insist\u00e9 le ministre, plaidant pour une feuille de route r\u00e9aliste, fond\u00e9e sur le droit international et les conventions humanitaires.<\/p>\n<p><strong>Mettre en place un m\u00e9canisme de suivi<\/strong><\/p>\n<p>Il a, par ailleurs, appel\u00e9 \u00e0 une coordination renforc\u00e9e entre les membres de l\u2019alliance pour la solution \u00e0 deux \u00c9tats, soulignant l\u2019importance de cr\u00e9er un m\u00e9canisme de suivi rigoureux. Selon lui, seule une volont\u00e9 collective forte permettra de raviver l\u2019\u00e9lan politique en faveur de cette solution, la seule susceptible d\u2019apporter une paix juste et durable au Moyen-Orient.<\/p>\n<p>Il a \u00e9galement salu\u00e9 les efforts du Royaume d\u2019Arabie Saoudite pour r\u00e9activer le processus politique autour de la cause palestinienne, ainsi que le r\u00f4le \u00ab central \u00bb jou\u00e9 par la R\u00e9publique fran\u00e7aise et d\u2019autres partenaires internationaux dans cette dynamique.<\/p>\n<p>\u00ab Toute solution qui ne respecte pas la dignit\u00e9 et les droits du peuple palestinien est vou\u00e9e \u00e0 l\u2019\u00e9chec \u00bb, a conclu le ministre, appelant \u00e0 redonner au droit international sa primaut\u00e9 et \u00e0 faire entendre la voix de la conscience humaine dans un conflit qui dure depuis trop longtemps.<\/p>\n<p>&nbsp;<\/p>\n","protected":false},"excerpt":{"rendered":"<p>Lors de la conf\u00e9rence internationale sur la question palestinienne et la solution \u00e0 deux \u00c9tats, le ministre mauritanien des Affaires \u00e9trang\u00e8res, de la Coop\u00e9ration africaine et des Mauritaniens \u00e0 l\u2019Ext\u00e9rieur, Mohamed Salem Ould Merzoug, a lanc\u00e9 un appel pressant \u00e0 la communaut\u00e9 internationale pour qu\u2019elle passe &#8220;des principes aux actes&#8221;. Intervenant lundi au si\u00e8ge des &hellip;<\/p>\n","protected":false},"author":2,"featured_media":17234,"comment_status":"open","ping_status":"open","sticky":false,"template":"","format":"standard","meta":{"footnotes":""},"categories":[18,29],"tags":[],"class_list":["post-17233","post","type-post","status-publish","format-standard","has-post-thumbnail","hentry","category-actualites","category-monde"],"_links":{"self":[{"href":"https:\/\/ladepeche.mr\/index.php?rest_route=\/wp\/v2\/posts\/17233","targetHints":{"allow":["GET"]}}],"collection":[{"href":"https:\/\/ladepeche.mr\/index.php?rest_route=\/wp\/v2\/posts"}],"about":[{"href":"https:\/\/ladepeche.mr\/index.php?rest_route=\/wp\/v2\/types\/post"}],"author":[{"embeddable":true,"href":"https:\/\/ladepeche.mr\/index.php?rest_route=\/wp\/v2\/users\/2"}],"replies":[{"embeddable":true,"href":"https:\/\/ladepeche.mr\/index.php?rest_route=%2Fwp%2Fv2%2Fcomments&post=17233"}],"version-history":[{"count":3,"href":"https:\/\/ladepeche.mr\/index.php?rest_route=\/wp\/v2\/posts\/17233\/revisions"}],"predecessor-version":[{"id":17290,"href":"https:\/\/ladepeche.mr\/index.php?rest_route=\/wp\/v2\/posts\/17233\/revisions\/17290"}],"wp:featuredmedia":[{"embeddable":true,"href":"https:\/\/ladepeche.mr\/index.php?rest_route=\/wp\/v2\/media\/17234"}],"wp:attachment":[{"href":"https:\/\/ladepeche.mr\/index.php?rest_route=%2Fwp%2Fv2%2Fmedia&parent=17233"}],"wp:term":[{"taxonomy":"category","embeddable":true,"href":"https:\/\/ladepeche.mr\/index.php?rest_route=%2Fwp%2Fv2%2Fcategories&post=17233"},{"taxonomy":"post_tag","embeddable":true,"href":"https:\/\/ladepeche.mr\/index.php?rest_route=%2Fwp%2Fv2%2Ftags&post=17233"}],"curies":[{"name":"wp","href":"https:\/\/api.w.org\/{rel}","templated":true}]}}