{"id":17257,"date":"2025-07-30T22:24:57","date_gmt":"2025-07-30T22:24:57","guid":{"rendered":"https:\/\/ladepeche.mr\/?p=17257"},"modified":"2025-07-30T22:24:57","modified_gmt":"2025-07-30T22:24:57","slug":"decret-presidentiel-portant-nomination-dun-chef-detat-major-adjoint-de-la-garde-nationale","status":"publish","type":"post","link":"https:\/\/ladepeche.mr\/?p=17257","title":{"rendered":"D\u00e9cret pr\u00e9sidentiel portant nomination d\u2019un chef d\u2019\u00e9tat-major adjoint de la Garde nationale"},"content":{"rendered":"<article id=\"post-276458\" class=\"post-276458 post type-post status-publish format-standard has-post-thumbnail  category-fil-dactualite category-mauritanie category-slider-afficher category-slider-mauritanie single-post-content has-thumbnail\">\n<div class=\"entry-content clearfix single-post-content\">\n<div class=\"cell auto-size\">\n<div class=\"set-border bd-gray padding10 margin10 no-margin-right no-margin-left \" dir=\"ltr\">\n<p>La Pr\u00e9sidence de la R\u00e9publique a annonc\u00e9 que, conform\u00e9ment \u00e0 un d\u00e9cret publi\u00e9 ce mercredi, le colonel Cheikh Abidine M\u2019ayif a \u00e9t\u00e9 nomm\u00e9 chef d\u2019\u00e9tat-major adjoint de la Garde nationale.<\/p>\n<\/div>\n<\/div>\n<div class=\"heateorSssClear\">Ami<\/div>\n<\/div>\n<\/article>\n","protected":false},"excerpt":{"rendered":"<p>La Pr\u00e9sidence de la R\u00e9publique a annonc\u00e9 que, conform\u00e9ment \u00e0 un d\u00e9cret publi\u00e9 ce mercredi, le colonel Cheikh Abidine M\u2019ayif a \u00e9t\u00e9 nomm\u00e9 chef d\u2019\u00e9tat-major adjoint de la Garde nationale. Ami<\/p>\n","protected":false},"author":2,"featured_media":17258,"comment_status":"open","ping_status":"open","sticky":false,"template":"","format":"standard","meta":{"footnotes":""},"categories":[18],"tags":[],"class_list":["post-17257","post","type-post","status-publish","format-standard","has-post-thumbnail","hentry","category-actualites"],"_links":{"self":[{"href":"https:\/\/ladepeche.mr\/index.php?rest_route=\/wp\/v2\/posts\/17257","targetHints":{"allow":["GET"]}}],"collection":[{"href":"https:\/\/ladepeche.mr\/index.php?rest_route=\/wp\/v2\/posts"}],"about":[{"href":"https:\/\/ladepeche.mr\/index.php?rest_route=\/wp\/v2\/types\/post"}],"author":[{"embeddable":true,"href":"https:\/\/ladepeche.mr\/index.php?rest_route=\/wp\/v2\/users\/2"}],"replies":[{"embeddable":true,"href":"https:\/\/ladepeche.mr\/index.php?rest_route=%2Fwp%2Fv2%2Fcomments&post=17257"}],"version-history":[{"count":1,"href":"https:\/\/ladepeche.mr\/index.php?rest_route=\/wp\/v2\/posts\/17257\/revisions"}],"predecessor-version":[{"id":17259,"href":"https:\/\/ladepeche.mr\/index.php?rest_route=\/wp\/v2\/posts\/17257\/revisions\/17259"}],"wp:featuredmedia":[{"embeddable":true,"href":"https:\/\/ladepeche.mr\/index.php?rest_route=\/wp\/v2\/media\/17258"}],"wp:attachment":[{"href":"https:\/\/ladepeche.mr\/index.php?rest_route=%2Fwp%2Fv2%2Fmedia&parent=17257"}],"wp:term":[{"taxonomy":"category","embeddable":true,"href":"https:\/\/ladepeche.mr\/index.php?rest_route=%2Fwp%2Fv2%2Fcategories&post=17257"},{"taxonomy":"post_tag","embeddable":true,"href":"https:\/\/ladepeche.mr\/index.php?rest_route=%2Fwp%2Fv2%2Ftags&post=17257"}],"curies":[{"name":"wp","href":"https:\/\/api.w.org\/{rel}","templated":true}]}}