{"id":17260,"date":"2025-07-31T00:17:00","date_gmt":"2025-07-31T00:17:00","guid":{"rendered":"https:\/\/ladepeche.mr\/?p=17260"},"modified":"2025-07-31T00:17:00","modified_gmt":"2025-07-31T00:17:00","slug":"15-pays-occidentaux-appellent-les-autres-etats-du-monde-a-exprimer-leur-volonte-de-reconnaitre-la-palestine","status":"publish","type":"post","link":"https:\/\/ladepeche.mr\/?p=17260","title":{"rendered":"15 pays occidentaux appellent les autres Etats du monde \u00e0 exprimer leur volont\u00e9 de reconna\u00eetre la Palestine"},"content":{"rendered":"<p data-t=\"{&quot;n&quot;:&quot;blueLinks&quot;,&quot;t&quot;:13,&quot;a&quot;:&quot;click&quot;,&quot;b&quot;:76}\"><strong>La France et 14 pays, dont le Canada et l\u2019Australie, <em>\u00ab\u00a0invitent\u00a0\u00bb<\/em>\u00a0les Etats du monde \u00e0 exprimer leur volont\u00e9 de reconna\u00eetre la Palestine, a affirm\u00e9 mercredi le ministre fran\u00e7ais des Affaires \u00e9trang\u00e8res.<\/strong><\/p>\n<p data-t=\"{&quot;n&quot;:&quot;blueLinks&quot;,&quot;t&quot;:13,&quot;a&quot;:&quot;click&quot;,&quot;b&quot;:76}\"><em>\u00ab\u00a0A New York avec 14 autres pays, la France lance un appel collectif : nous exprimons notre volont\u00e9 de reconna\u00eetre l\u2019Etat de Palestine et invitons ceux qui ne l\u2019ont pas encore fait \u00e0 nous rejoindre\u00a0\u00bb,<\/em>\u00a0a \u00e9crit Jean-No\u00ebl Barrot sur X, au lendemain de cet\u00a0<em>\u00ab\u00a0appel de New York\u00a0\u00bb<\/em>\u00a0lanc\u00e9 \u00e0 l\u2019issue d\u2019une conf\u00e9rence minist\u00e9rielle \u00e0 l\u2019ONU pour une solution \u00e0 deux Etats au conflit isra\u00e9lo-palestinien.<\/p>\n<p class=\"continue-read-break\" data-t=\"{&quot;n&quot;:&quot;blueLinks&quot;,&quot;t&quot;:13,&quot;a&quot;:&quot;click&quot;,&quot;b&quot;:76}\">Outre la France, deux membres du G20, le Canada et l\u2019Australie, font partie de l\u2019appel. Les autres pays signataires sont : Andorre, Finlande, Islande, Irlande, Luxembourg, Malte, Nouvelle-Z\u00e9lande, Norv\u00e8ge, Portugal, Saint-Marin, Slov\u00e9nie et Espagne.<\/p>\n<p data-t=\"{&quot;n&quot;:&quot;blueLinks&quot;,&quot;t&quot;:13,&quot;a&quot;:&quot;click&quot;,&quot;b&quot;:76}\">Neuf d\u2019entre eux qui n\u2019ont pas pour l\u2019instant reconnu l\u2019Etat palestinien\u00a0<em>\u00ab\u00a0expriment la volont\u00e9 ou la consid\u00e9ration positive de leur pays\u00a0\u00bb<\/em> \u00e0 le faire: Andorre, Australie, Canada, Finlande, Luxembourg, Malte, Nouvelle-Z\u00e9lande, Portugal et Saint-Marin.<\/p>\n<p class=\"\" data-t=\"{&quot;n&quot;:&quot;blueLinks&quot;,&quot;t&quot;:13,&quot;a&quot;:&quot;click&quot;,&quot;b&quot;:76}\">Le Premier ministre britannique, Keir Starmer, a de son c\u00f4t\u00e9 annonc\u00e9 mardi que le Royaume-Uni reconna\u00eetrait la Palestine si Isra\u00ebl ne prend pas certaines mesures.<\/p>\n<p data-t=\"{&quot;n&quot;:&quot;blueLinks&quot;,&quot;t&quot;:13,&quot;a&quot;:&quot;click&quot;,&quot;b&quot;:76}\">Jeudi dernier, le pr\u00e9sident fran\u00e7ais Emmanuel Macron avait annonc\u00e9 que la France reconna\u00eetrait officiellement un Etat de Palestine lors de l\u2019Assembl\u00e9e g\u00e9n\u00e9rale des Nations Unies en septembre.<\/p>\n<p data-t=\"{&quot;n&quot;:&quot;blueLinks&quot;,&quot;t&quot;:13,&quot;a&quot;:&quot;click&quot;,&quot;b&quot;:76}\">Cet appel des 15 pays a \u00e9t\u00e9 lanc\u00e9 publiquement \u00e0 la fin d\u2019une conf\u00e9rence minist\u00e9rielle qui s\u2019est tenue lundi et mardi \u00e0 New York, \u00e0 l\u2019initiative de la France et de l\u2019Arabie saoudite qui tentent de maintenir en vie la solution \u00e0 deux Etats pour sortir du conflit isra\u00e9lo-palestinien, hypoth\u00e8se malmen\u00e9e par la guerre en cours \u00e0 Gaza et les colonisations en Cisjordanie.<\/p>\n<p data-t=\"{&quot;n&quot;:&quot;blueLinks&quot;,&quot;t&quot;:13,&quot;a&quot;:&quot;click&quot;,&quot;b&quot;:76}\">Lors de cette conf\u00e9rence, plusieurs pays arabes, dont l\u2019Arabie saoudite, le Qatar et l\u2019Egypte, ont appel\u00e9 le Hamas \u00e0 remettre ses armes \u00e0 l\u2019Autorit\u00e9 palestinienne.<\/p>\n<p data-t=\"{&quot;n&quot;:&quot;blueLinks&quot;,&quot;t&quot;:13,&quot;a&quot;:&quot;click&quot;,&quot;b&quot;:76}\">The post\u00a0<a href=\"https:\/\/fr.hespress.com\/435709-15-pays-occidentaux-appellent-les-autres-etats-du-monde-a-exprimer-leur-volonte-de-reconnaitre-la-palestine.html\" target=\"_blank\" rel=\"noopener\" data-t=\"{&quot;n&quot;:&quot;destination&quot;,&quot;t&quot;:13,&quot;a&quot;:&quot;click&quot;,&quot;b&quot;:1,&quot;c.t&quot;:7}\">15 pays occidentaux appellent les autres Etats du monde \u00e0 exprimer leur volont\u00e9 de reconna\u00eetre la Palestine<\/a>\u00a0appeared first on\u00a0<a href=\"https:\/\/fr.hespress.com\/\" target=\"_blank\" rel=\"noopener\" data-t=\"{&quot;n&quot;:&quot;destination&quot;,&quot;t&quot;:13,&quot;a&quot;:&quot;click&quot;,&quot;b&quot;:1,&quot;c.t&quot;:7}\">Hespress Fran\u00e7ais &#8211; Actualit\u00e9s du Maroc<\/a>.<\/p>\n","protected":false},"excerpt":{"rendered":"<p>La France et 14 pays, dont le Canada et l\u2019Australie, \u00ab\u00a0invitent\u00a0\u00bb\u00a0les Etats du monde \u00e0 exprimer leur volont\u00e9 de reconna\u00eetre la Palestine, a affirm\u00e9 mercredi le ministre fran\u00e7ais des Affaires \u00e9trang\u00e8res. \u00ab\u00a0A New York avec 14 autres pays, la France lance un appel collectif : nous exprimons notre volont\u00e9 de reconna\u00eetre l\u2019Etat de Palestine et &hellip;<\/p>\n","protected":false},"author":2,"featured_media":17261,"comment_status":"open","ping_status":"open","sticky":false,"template":"","format":"standard","meta":{"footnotes":""},"categories":[18,29],"tags":[],"class_list":["post-17260","post","type-post","status-publish","format-standard","has-post-thumbnail","hentry","category-actualites","category-monde"],"_links":{"self":[{"href":"https:\/\/ladepeche.mr\/index.php?rest_route=\/wp\/v2\/posts\/17260","targetHints":{"allow":["GET"]}}],"collection":[{"href":"https:\/\/ladepeche.mr\/index.php?rest_route=\/wp\/v2\/posts"}],"about":[{"href":"https:\/\/ladepeche.mr\/index.php?rest_route=\/wp\/v2\/types\/post"}],"author":[{"embeddable":true,"href":"https:\/\/ladepeche.mr\/index.php?rest_route=\/wp\/v2\/users\/2"}],"replies":[{"embeddable":true,"href":"https:\/\/ladepeche.mr\/index.php?rest_route=%2Fwp%2Fv2%2Fcomments&post=17260"}],"version-history":[{"count":1,"href":"https:\/\/ladepeche.mr\/index.php?rest_route=\/wp\/v2\/posts\/17260\/revisions"}],"predecessor-version":[{"id":17262,"href":"https:\/\/ladepeche.mr\/index.php?rest_route=\/wp\/v2\/posts\/17260\/revisions\/17262"}],"wp:featuredmedia":[{"embeddable":true,"href":"https:\/\/ladepeche.mr\/index.php?rest_route=\/wp\/v2\/media\/17261"}],"wp:attachment":[{"href":"https:\/\/ladepeche.mr\/index.php?rest_route=%2Fwp%2Fv2%2Fmedia&parent=17260"}],"wp:term":[{"taxonomy":"category","embeddable":true,"href":"https:\/\/ladepeche.mr\/index.php?rest_route=%2Fwp%2Fv2%2Fcategories&post=17260"},{"taxonomy":"post_tag","embeddable":true,"href":"https:\/\/ladepeche.mr\/index.php?rest_route=%2Fwp%2Fv2%2Ftags&post=17260"}],"curies":[{"name":"wp","href":"https:\/\/api.w.org\/{rel}","templated":true}]}}