{"id":17263,"date":"2025-07-31T11:03:39","date_gmt":"2025-07-31T11:03:39","guid":{"rendered":"https:\/\/ladepeche.mr\/?p=17263"},"modified":"2025-07-31T11:12:48","modified_gmt":"2025-07-31T11:12:48","slug":"renforcement-de-la-production-en-eau-la-ministre-a-t-elle-vendu-un-mirage-au-president","status":"publish","type":"post","link":"https:\/\/ladepeche.mr\/?p=17263","title":{"rendered":"Renforcement de la production en eau: La ministre a-t-elle vendu un mirage au pr\u00e9sident?"},"content":{"rendered":"<p>L\u2019espoir a \u00e9t\u00e9 de courte dur\u00e9e pour les habitants de la capitale \u00e9conomique. Moins de 24 heures apr\u00e8s l\u2019inauguration officielle, en grande pompe et sous le haut patronage du pr\u00e9sident de la R\u00e9publique, du projet de renforcement de l\u2019approvisionnement en eau potable, les robinets sont de nouveau \u00e0 sec.<\/p>\n<p>Ce projet, cens\u00e9 r\u00e9volutionner l\u2019acc\u00e8s \u00e0 l\u2019eau dans une ville r\u00e9guli\u00e8rement frapp\u00e9e par les p\u00e9nuries, a \u00e9t\u00e9 pr\u00e9sent\u00e9, lundi, par la ministre de l\u2019Hydraulique et de l\u2019Assainissement, Amal Mint Maouloud, comme un tournant d\u00e9cisif. Elle avait alors annonc\u00e9 une production journali\u00e8re d\u00e9passant les 35 000 m\u00b3, destin\u00e9e \u00e0 couvrir les besoins en eau de Nouadhibou \u00abpour les ann\u00e9es \u00e0 venir \u00bb. Mais d\u00e8s le lendemain, la r\u00e9alit\u00e9 a rattrap\u00e9 les promesses : les conduites se sont tues, et la population, d\u00e9sabus\u00e9e, est revenue \u00e0 la distribution au compte-gouttes.<\/p>\n<p><strong>Comment l\u2019eau promise se tarit 24 heures apr\u00e8s l\u2019inauguration<\/strong><\/p>\n<p>La situation a provoqu\u00e9 une vague d\u2019indignation et de doutes. Beaucoup y voient un simple effet d\u2019annonce, voire une mise en sc\u00e8ne orchestr\u00e9e \u00e0 l\u2019occasion de l\u2019inauguration. \u00ab C\u2019\u00e9tait trop beau pour \u00eatre vrai \u00bb, confie un habitant, d\u00e9\u00e7u par ce qu\u2019il consid\u00e8re comme une illusion.<\/p>\n<p>La d\u00e9put\u00e9e de la r\u00e9gion, Aziza Mint Jiddou, a interpell\u00e9 publiquement, mardi, la ministre sur la situation brutale et intenable du d\u00e9ficit d\u2019approvisionnement en eau potable de la ville. Un retournement de situation embarrassant, d\u2019autant plus que le projet, financ\u00e9 \u00e0 hauteur de 32 milliards d\u2019ouguiyas par le Fonds arabe pour le d\u00e9veloppement \u00e9conomique et social (FADES), n\u2019a toujours pas \u00e9t\u00e9 officiellement r\u00e9ceptionn\u00e9. Qui en a test\u00e9 la performance ? Qui a valid\u00e9 sa mise en service ? Des questions sans r\u00e9ponse, qui laissent place au scepticisme.<\/p>\n<p><strong>Une s\u00e9rie noire pour les projets d\u2019eau ?<\/strong><\/p>\n<p>Les chiffres pr\u00e9sent\u00e9s par la ministre sur la production seraient aussi gonfl\u00e9s alors les performances des structures sont en berne<strong>.<\/strong> Annonc\u00e9 par la ministre elle-m\u00eame comme un projet augmentant la capacit\u00e9 de production de 10 000 m\u00b3 par jour, portant le total \u00e0 37 000 m\u00b3, le syst\u00e8me ne semble pas avoir tenu ses promesses. M\u00eame l\u2019usine de dessalement cens\u00e9e produire 5 000 m\u00b3\/jour n\u2019en fournirait actuellement que 1 700, contribuant ainsi \u00e0 un d\u00e9ficit persistant d\u2019acc\u00e8s \u00e0 l\u2019eau potable dans la ville.<\/p>\n<p>Ce nouveau revers rappelle le cas du projet d\u2019Aftout Charghi, destin\u00e9 \u00e0 alimenter plus de 400 villages des r\u00e9gions du Gorgol, du Brakna et de l\u2019Assaba, \u00e9galement financ\u00e9 par le FADES et l\u2019\u00c9tat mauritanien \u00e0 hauteur de 24 millions d\u2019euros. Inaugur\u00e9 r\u00e9cemment, il serait d\u00e9j\u00e0 \u00e0 l\u2019arr\u00eat.<\/p>\n<p>Le cas de Nouadhibou pourrait n\u2019\u00eatre que la partie \u00e9merg\u00e9e d\u2019un iceberg plus large, o\u00f9 les projets d\u2019infrastructure hydraulique peinent \u00e0 tenir leurs engagements, malgr\u00e9 les financements consid\u00e9rables.<\/p>\n<p>Face \u00e0 la d\u00e9sillusion grandissante, les autorit\u00e9s devront d\u00e9sormais r\u00e9pondre \u00e0 une question pressante : o\u00f9 est pass\u00e9e l\u2019eau tant promise ?<\/p>\n<p>(nous y reviendrons)<\/p>\n<p>&nbsp;<\/p>\n","protected":false},"excerpt":{"rendered":"<p>L\u2019espoir a \u00e9t\u00e9 de courte dur\u00e9e pour les habitants de la capitale \u00e9conomique. Moins de 24 heures apr\u00e8s l\u2019inauguration officielle, en grande pompe et sous le haut patronage du pr\u00e9sident de la R\u00e9publique, du projet de renforcement de l\u2019approvisionnement en eau potable, les robinets sont de nouveau \u00e0 sec. Ce projet, cens\u00e9 r\u00e9volutionner l\u2019acc\u00e8s \u00e0 &hellip;<\/p>\n","protected":false},"author":2,"featured_media":17268,"comment_status":"open","ping_status":"open","sticky":false,"template":"","format":"standard","meta":{"footnotes":""},"categories":[18,2],"tags":[],"class_list":["post-17263","post","type-post","status-publish","format-standard","has-post-thumbnail","hentry","category-actualites","category-economie"],"_links":{"self":[{"href":"https:\/\/ladepeche.mr\/index.php?rest_route=\/wp\/v2\/posts\/17263","targetHints":{"allow":["GET"]}}],"collection":[{"href":"https:\/\/ladepeche.mr\/index.php?rest_route=\/wp\/v2\/posts"}],"about":[{"href":"https:\/\/ladepeche.mr\/index.php?rest_route=\/wp\/v2\/types\/post"}],"author":[{"embeddable":true,"href":"https:\/\/ladepeche.mr\/index.php?rest_route=\/wp\/v2\/users\/2"}],"replies":[{"embeddable":true,"href":"https:\/\/ladepeche.mr\/index.php?rest_route=%2Fwp%2Fv2%2Fcomments&post=17263"}],"version-history":[{"count":3,"href":"https:\/\/ladepeche.mr\/index.php?rest_route=\/wp\/v2\/posts\/17263\/revisions"}],"predecessor-version":[{"id":17267,"href":"https:\/\/ladepeche.mr\/index.php?rest_route=\/wp\/v2\/posts\/17263\/revisions\/17267"}],"wp:featuredmedia":[{"embeddable":true,"href":"https:\/\/ladepeche.mr\/index.php?rest_route=\/wp\/v2\/media\/17268"}],"wp:attachment":[{"href":"https:\/\/ladepeche.mr\/index.php?rest_route=%2Fwp%2Fv2%2Fmedia&parent=17263"}],"wp:term":[{"taxonomy":"category","embeddable":true,"href":"https:\/\/ladepeche.mr\/index.php?rest_route=%2Fwp%2Fv2%2Fcategories&post=17263"},{"taxonomy":"post_tag","embeddable":true,"href":"https:\/\/ladepeche.mr\/index.php?rest_route=%2Fwp%2Fv2%2Ftags&post=17263"}],"curies":[{"name":"wp","href":"https:\/\/api.w.org\/{rel}","templated":true}]}}