{"id":17269,"date":"2025-07-31T11:25:13","date_gmt":"2025-07-31T11:25:13","guid":{"rendered":"https:\/\/ladepeche.mr\/?p=17269"},"modified":"2025-07-31T11:25:13","modified_gmt":"2025-07-31T11:25:13","slug":"journee-mondiale-de-lutte-contre-la-traite-des-personnes-les-avancees-dans-le-pays-mises-en-lumiere","status":"publish","type":"post","link":"https:\/\/ladepeche.mr\/?p=17269","title":{"rendered":"Journ\u00e9e mondiale de lutte contre la traite des personnes\u00a0: \u00ab\u00a0les avanc\u00e9es\u00a0\u00bb dans le pays mises en lumi\u00e8re"},"content":{"rendered":"<p data-start=\"248\" data-end=\"551\">Les autorit\u00e9s mauritaniennes ont lanc\u00e9 mercredi \u00e0 Nouakchott les activit\u00e9s comm\u00e9morant la Journ\u00e9e mondiale de lutte contre la traite des personnes, plac\u00e9e cette ann\u00e9e sous le th\u00e8me : <em data-start=\"469\" data-end=\"551\">\u00abLa traite des personnes est un crime organis\u00e9, mettons fin \u00e0 l\u2019exploitation. \u00bb<\/em><\/p>\n<p data-start=\"553\" data-end=\"985\">La c\u00e9r\u00e9monie d\u2019ouverture a \u00e9t\u00e9 pr\u00e9sid\u00e9e par le Commissaire aux droits de l\u2019homme, \u00e0 l\u2019action humanitaire et aux relations avec la soci\u00e9t\u00e9 civile, M. Sid\u2019Ahmed Ould Bennane. Ce dernier a soulign\u00e9 les avanc\u00e9es enregistr\u00e9es par la Mauritanie en mati\u00e8re de lutte contre la traite des \u00eatres humains, qu\u2019il a attribu\u00e9es aux orientations du Pr\u00e9sident Mohamed Ould Cheikh El Ghazouani, pour qui la question constitue une priorit\u00e9 nationale.<\/p>\n<p data-start=\"987\" data-end=\"1429\">Parmi les mesures \u00e9voqu\u00e9es : l\u2019adoption d\u2019un cadre l\u00e9gislatif renforc\u00e9, la mise en place de l\u2019Autorit\u00e9 nationale de lutte contre la traite des personnes et le trafic de migrants, ainsi qu\u2019un m\u00e9canisme d\u2019identification et d\u2019orientation des victimes. Le Commissaire a \u00e9galement mentionn\u00e9 la cr\u00e9ation d\u2019un fonds d\u2019assistance, un d\u00e9cret de protection des victimes, un tribunal sp\u00e9cialis\u00e9 et un bureau central d\u00e9di\u00e9 au sein de la s\u00fbret\u00e9 nationale.<\/p>\n<p data-start=\"1431\" data-end=\"1622\">Le pays a entam\u00e9 la mise en \u0153uvre d\u2019un Plan national de lutte contre la traite des personnes pour la p\u00e9riode 2024\u20132025, ax\u00e9 sur la pr\u00e9vention, la protection et le renforcement institutionnel.<\/p>\n<p data-start=\"1624\" data-end=\"2064\">Pr\u00e9sente lors de la c\u00e9r\u00e9monie, la Coordonnatrice r\u00e9sidente du syst\u00e8me des Nations Unies en Mauritanie, Mme Leila Peters Yahya, a salu\u00e9 les progr\u00e8s r\u00e9alis\u00e9s, notamment l\u2019identification et la lib\u00e9ration de plus de 500 victimes, ainsi que la prise en charge de 24 affaires judiciaires. Elle a soulign\u00e9 que ces r\u00e9sultats sont le fruit d\u2019une approche globale mise en place avec l\u2019appui de l\u2019Organisation internationale pour les migrations (OIM).<\/p>\n<p data-start=\"2066\" data-end=\"2307\">La manifestation s\u2019est d\u00e9roul\u00e9e en pr\u00e9sence de plusieurs responsables nationaux et partenaires, dont le wali de Nouakchott Ouest, le Commissaire adjoint aux droits de l\u2019homme, des repr\u00e9sentants de la soci\u00e9t\u00e9 civile et des agences onusiennes.<\/p>\n<p>(avec Ami)<\/p>\n","protected":false},"excerpt":{"rendered":"<p>Les autorit\u00e9s mauritaniennes ont lanc\u00e9 mercredi \u00e0 Nouakchott les activit\u00e9s comm\u00e9morant la Journ\u00e9e mondiale de lutte contre la traite des personnes, plac\u00e9e cette ann\u00e9e sous le th\u00e8me : \u00abLa traite des personnes est un crime organis\u00e9, mettons fin \u00e0 l\u2019exploitation. \u00bb La c\u00e9r\u00e9monie d\u2019ouverture a \u00e9t\u00e9 pr\u00e9sid\u00e9e par le Commissaire aux droits de l\u2019homme, \u00e0 &hellip;<\/p>\n","protected":false},"author":2,"featured_media":17270,"comment_status":"open","ping_status":"open","sticky":false,"template":"","format":"standard","meta":{"footnotes":""},"categories":[18],"tags":[],"class_list":["post-17269","post","type-post","status-publish","format-standard","has-post-thumbnail","hentry","category-actualites"],"_links":{"self":[{"href":"https:\/\/ladepeche.mr\/index.php?rest_route=\/wp\/v2\/posts\/17269","targetHints":{"allow":["GET"]}}],"collection":[{"href":"https:\/\/ladepeche.mr\/index.php?rest_route=\/wp\/v2\/posts"}],"about":[{"href":"https:\/\/ladepeche.mr\/index.php?rest_route=\/wp\/v2\/types\/post"}],"author":[{"embeddable":true,"href":"https:\/\/ladepeche.mr\/index.php?rest_route=\/wp\/v2\/users\/2"}],"replies":[{"embeddable":true,"href":"https:\/\/ladepeche.mr\/index.php?rest_route=%2Fwp%2Fv2%2Fcomments&post=17269"}],"version-history":[{"count":1,"href":"https:\/\/ladepeche.mr\/index.php?rest_route=\/wp\/v2\/posts\/17269\/revisions"}],"predecessor-version":[{"id":17271,"href":"https:\/\/ladepeche.mr\/index.php?rest_route=\/wp\/v2\/posts\/17269\/revisions\/17271"}],"wp:featuredmedia":[{"embeddable":true,"href":"https:\/\/ladepeche.mr\/index.php?rest_route=\/wp\/v2\/media\/17270"}],"wp:attachment":[{"href":"https:\/\/ladepeche.mr\/index.php?rest_route=%2Fwp%2Fv2%2Fmedia&parent=17269"}],"wp:term":[{"taxonomy":"category","embeddable":true,"href":"https:\/\/ladepeche.mr\/index.php?rest_route=%2Fwp%2Fv2%2Fcategories&post=17269"},{"taxonomy":"post_tag","embeddable":true,"href":"https:\/\/ladepeche.mr\/index.php?rest_route=%2Fwp%2Fv2%2Ftags&post=17269"}],"curies":[{"name":"wp","href":"https:\/\/api.w.org\/{rel}","templated":true}]}}