{"id":17272,"date":"2025-07-31T12:00:11","date_gmt":"2025-07-31T12:00:11","guid":{"rendered":"https:\/\/ladepeche.mr\/?p=17272"},"modified":"2025-07-31T11:35:34","modified_gmt":"2025-07-31T11:35:34","slug":"reglement-interieur-de-lassemblee-une-reforme-controversee","status":"publish","type":"post","link":"https:\/\/ladepeche.mr\/?p=17272","title":{"rendered":"R\u00e8glement int\u00e9rieur de l\u2019Assembl\u00e9e\u00a0: Une r\u00e9forme controvers\u00e9e"},"content":{"rendered":"<p data-start=\"222\" data-end=\"479\">L\u2019Assembl\u00e9e nationale mauritanienne a adopt\u00e9 mercredi, en s\u00e9ance pl\u00e9ni\u00e8re pr\u00e9sid\u00e9e par Mohamed Bamba Meguett, son pr\u00e9sident, la recommandation issue de la commission charg\u00e9e de la r\u00e9vision de son r\u00e8glement int\u00e9rieur.<\/p>\n<p data-start=\"481\" data-end=\"713\">Selon ses promoteurs, cette r\u00e9forme vise \u00e0 renforcer l\u2019ind\u00e9pendance du pouvoir l\u00e9gislatif, \u00e0 moderniser les proc\u00e9dures internes de l\u2019Assembl\u00e9e, \u00e0 simplifier le fonctionnement de ses organes et \u00e0 am\u00e9liorer l\u2019examen des textes soumis.<\/p>\n<p data-start=\"715\" data-end=\"983\">Le nouveau r\u00e8glement d\u00e9finit les modalit\u00e9s d\u2019organisation et de fonctionnement du Parlement, r\u00e9gule l\u2019activit\u00e9 l\u00e9gislative et de contr\u00f4le, et pr\u00e9cise les rapports entre parlementaires, ainsi qu\u2019entre l\u2019Assembl\u00e9e, le gouvernement et les institutions constitutionnelles.<\/p>\n<p data-start=\"715\" data-end=\"983\"><strong>Opposants m\u00e9contents<\/strong><\/p>\n<p data-start=\"985\" data-end=\"1425\">Mais le texte suscite une vive contestation au sein de l\u2019opposition. Plusieurs d\u00e9put\u00e9s de l\u2019opposition d\u00e9noncent, en effet, des dispositions jug\u00e9es liberticides et estiment que le r\u00e8glement porte atteinte \u00e0 la libert\u00e9 d\u2019expression et \u00e0 l\u2019immunit\u00e9 parlementaire. Certains y voient m\u00eame un outil de r\u00e9pression visant \u00e0 faire taire les voix critiques, et d\u00e9plorent un affaiblissement progressif de l\u2019institution l\u00e9gislative face \u00e0 un ex\u00e9cutif jug\u00e9 de plus en plus dominateur.<\/p>\n<p data-start=\"1427\" data-end=\"1745\">Des parlementaires regrettent \u00e9galement le durcissement du r\u00e9gime disciplinaire sans r\u00e9f\u00e9rence explicite \u00e0 l\u2019article 90 de la Constitution, qui garantit la libert\u00e9 d\u2019expression des \u00e9lus. D\u2019autres annoncent leur intention de saisir le Conseil constitutionnel pour contester la conformit\u00e9 du texte \u00e0 la loi fondamentale.<\/p>\n<p data-start=\"1747\" data-end=\"2081\">L\u2019adoption du r\u00e8glement, soutenue par une partie de la majorit\u00e9 et une formation d\u2019opposition, alimente aussi des tensions politiques, certains \u00e9lus d\u00e9non\u00e7ant une &#8220;trahison des principes d\u00e9mocratiques&#8221;. Plusieurs critiques assimilent le nouveau dispositif \u00e0 un &#8220;code disciplinaire&#8221; susceptible de transformer l\u2019Assembl\u00e9e en &#8220;caserne&#8221;.<\/p>\n<p data-start=\"2083\" data-end=\"2224\">La r\u00e9forme, loin de faire consensus, relance ainsi le d\u00e9bat sur l\u2019\u00e9quilibre des pouvoirs et la vitalit\u00e9 du d\u00e9bat parlementaire en Mauritanie.<\/p>\n","protected":false},"excerpt":{"rendered":"<p>L\u2019Assembl\u00e9e nationale mauritanienne a adopt\u00e9 mercredi, en s\u00e9ance pl\u00e9ni\u00e8re pr\u00e9sid\u00e9e par Mohamed Bamba Meguett, son pr\u00e9sident, la recommandation issue de la commission charg\u00e9e de la r\u00e9vision de son r\u00e8glement int\u00e9rieur. Selon ses promoteurs, cette r\u00e9forme vise \u00e0 renforcer l\u2019ind\u00e9pendance du pouvoir l\u00e9gislatif, \u00e0 moderniser les proc\u00e9dures internes de l\u2019Assembl\u00e9e, \u00e0 simplifier le fonctionnement de ses &hellip;<\/p>\n","protected":false},"author":2,"featured_media":1274,"comment_status":"open","ping_status":"open","sticky":false,"template":"","format":"standard","meta":{"footnotes":""},"categories":[18,31],"tags":[],"class_list":["post-17272","post","type-post","status-publish","format-standard","has-post-thumbnail","hentry","category-actualites","category-politique-et-reportages"],"_links":{"self":[{"href":"https:\/\/ladepeche.mr\/index.php?rest_route=\/wp\/v2\/posts\/17272","targetHints":{"allow":["GET"]}}],"collection":[{"href":"https:\/\/ladepeche.mr\/index.php?rest_route=\/wp\/v2\/posts"}],"about":[{"href":"https:\/\/ladepeche.mr\/index.php?rest_route=\/wp\/v2\/types\/post"}],"author":[{"embeddable":true,"href":"https:\/\/ladepeche.mr\/index.php?rest_route=\/wp\/v2\/users\/2"}],"replies":[{"embeddable":true,"href":"https:\/\/ladepeche.mr\/index.php?rest_route=%2Fwp%2Fv2%2Fcomments&post=17272"}],"version-history":[{"count":1,"href":"https:\/\/ladepeche.mr\/index.php?rest_route=\/wp\/v2\/posts\/17272\/revisions"}],"predecessor-version":[{"id":17273,"href":"https:\/\/ladepeche.mr\/index.php?rest_route=\/wp\/v2\/posts\/17272\/revisions\/17273"}],"wp:featuredmedia":[{"embeddable":true,"href":"https:\/\/ladepeche.mr\/index.php?rest_route=\/wp\/v2\/media\/1274"}],"wp:attachment":[{"href":"https:\/\/ladepeche.mr\/index.php?rest_route=%2Fwp%2Fv2%2Fmedia&parent=17272"}],"wp:term":[{"taxonomy":"category","embeddable":true,"href":"https:\/\/ladepeche.mr\/index.php?rest_route=%2Fwp%2Fv2%2Fcategories&post=17272"},{"taxonomy":"post_tag","embeddable":true,"href":"https:\/\/ladepeche.mr\/index.php?rest_route=%2Fwp%2Fv2%2Ftags&post=17272"}],"curies":[{"name":"wp","href":"https:\/\/api.w.org\/{rel}","templated":true}]}}