{"id":17274,"date":"2025-07-31T12:30:30","date_gmt":"2025-07-31T12:30:30","guid":{"rendered":"https:\/\/ladepeche.mr\/?p=17274"},"modified":"2025-07-31T12:12:39","modified_gmt":"2025-07-31T12:12:39","slug":"la-suede-exige-que-lue-gele-la-partie-commerciale-de-son-accord-dassociation-avec-israel","status":"publish","type":"post","link":"https:\/\/ladepeche.mr\/?p=17274","title":{"rendered":"La Su\u00e8de exige que l\u2019UE g\u00e8le la partie commerciale de son accord d\u2019association avec Isra\u00ebl"},"content":{"rendered":"<section class=\"tickerEvent_tickerEventHeader__UXJkx\"><span style=\"font-size: 16px; font-weight: 400;\">Le Premier ministre su\u00e9dois Ulf Kristersson a exig\u00e9 jeudi que l\u2019UE g\u00e8le la partie commerciale de son accord d\u2019association avec Isra\u00ebl qui manque, selon lui, \u00e0 ses obligations dans la bande de Gaza en proie \u00e0 un d\u00e9sastre humanitaire.<\/span><\/p>\n<div class=\"tickerEvent_element__voPLD\">\n<p>\u00abLa situation \u00e0 Gaza est absolument effroyable, et Isra\u00ebl ne respecte pas ses obligations les plus fondamentales ni les accords conclus concernant l\u2019aide humanitaire d\u2019urgence\u00bb, a \u00e9crit M. Kristersson sur X.<\/p>\n<\/div>\n<div class=\"tickerEvent_element__voPLD\">\n<p>\u00abLa Su\u00e8de exige donc que l\u2019Union europ\u00e9enne suspende au plus vite la partie commerciale de l\u2019accord d\u2019association. Il faut renforcer la pression \u00e9conomique sur Isra\u00ebl\u00bb, a-t-il ajout\u00e9.<\/p>\n<p>En d\u00e9but de semaine, le ministre n\u00e9erlandais des Affaires \u00e9trang\u00e8res Caspar Veldkamp avait d\u00e9j\u00e0 aussi indiqu\u00e9 que si Isra\u00ebl ne remplissait pas ses obligations humanitaires, les Pays-Bas pousseraient \u00e0 la suspension de la partie commerciale de l\u2019Accord d\u2019association entre l\u2019UE et Isra\u00ebl.<\/p>\n<p><a href=\"https:\/\/www.lessentiel.lu\/fr\/story\/conflit-au-proche-orient-pour-l-allemagne-israel-est-de-plus-en-plus-isole-832644009510\">Berlin juge Isra\u00ebl \u00abde plus en plus minoritaire\u00bb sur la question palestinienne &#8211; L&#8217;essentiel<\/a><\/p>\n<\/div>\n<\/section>\n","protected":false},"excerpt":{"rendered":"<p>Le Premier ministre su\u00e9dois Ulf Kristersson a exig\u00e9 jeudi que l\u2019UE g\u00e8le la partie commerciale de son accord d\u2019association avec Isra\u00ebl qui manque, selon lui, \u00e0 ses obligations dans la bande de Gaza en proie \u00e0 un d\u00e9sastre humanitaire. \u00abLa situation \u00e0 Gaza est absolument effroyable, et Isra\u00ebl ne respecte pas ses obligations les plus &hellip;<\/p>\n","protected":false},"author":2,"featured_media":17275,"comment_status":"open","ping_status":"open","sticky":false,"template":"","format":"standard","meta":{"footnotes":""},"categories":[18,29],"tags":[],"class_list":["post-17274","post","type-post","status-publish","format-standard","has-post-thumbnail","hentry","category-actualites","category-monde"],"_links":{"self":[{"href":"https:\/\/ladepeche.mr\/index.php?rest_route=\/wp\/v2\/posts\/17274","targetHints":{"allow":["GET"]}}],"collection":[{"href":"https:\/\/ladepeche.mr\/index.php?rest_route=\/wp\/v2\/posts"}],"about":[{"href":"https:\/\/ladepeche.mr\/index.php?rest_route=\/wp\/v2\/types\/post"}],"author":[{"embeddable":true,"href":"https:\/\/ladepeche.mr\/index.php?rest_route=\/wp\/v2\/users\/2"}],"replies":[{"embeddable":true,"href":"https:\/\/ladepeche.mr\/index.php?rest_route=%2Fwp%2Fv2%2Fcomments&post=17274"}],"version-history":[{"count":1,"href":"https:\/\/ladepeche.mr\/index.php?rest_route=\/wp\/v2\/posts\/17274\/revisions"}],"predecessor-version":[{"id":17276,"href":"https:\/\/ladepeche.mr\/index.php?rest_route=\/wp\/v2\/posts\/17274\/revisions\/17276"}],"wp:featuredmedia":[{"embeddable":true,"href":"https:\/\/ladepeche.mr\/index.php?rest_route=\/wp\/v2\/media\/17275"}],"wp:attachment":[{"href":"https:\/\/ladepeche.mr\/index.php?rest_route=%2Fwp%2Fv2%2Fmedia&parent=17274"}],"wp:term":[{"taxonomy":"category","embeddable":true,"href":"https:\/\/ladepeche.mr\/index.php?rest_route=%2Fwp%2Fv2%2Fcategories&post=17274"},{"taxonomy":"post_tag","embeddable":true,"href":"https:\/\/ladepeche.mr\/index.php?rest_route=%2Fwp%2Fv2%2Ftags&post=17274"}],"curies":[{"name":"wp","href":"https:\/\/api.w.org\/{rel}","templated":true}]}}