{"id":17286,"date":"2025-07-31T15:00:11","date_gmt":"2025-07-31T15:00:11","guid":{"rendered":"https:\/\/ladepeche.mr\/?p=17286"},"modified":"2025-07-31T14:08:56","modified_gmt":"2025-07-31T14:08:56","slug":"sahara-padel-club-la-mauritanie-entre-dans-larene-du-padel-international","status":"publish","type":"post","link":"https:\/\/ladepeche.mr\/?p=17286","title":{"rendered":"Sahara Padel Club : la Mauritanie entre dans l\u2019ar\u00e8ne du padel international"},"content":{"rendered":"<p>Il y a des rencontres qui marquent. Celle avec Hanna Ghassan, pr\u00e9sident du Sahara Padel Club, en fait partie.\u00a0Cette interview, r\u00e9alis\u00e9e pour\u00a0<em>Padel Magazine<\/em>\u00a0et l\u2019<em>Association Europ\u00e9enne des Clubs de Padel (AECP)<\/em>, d\u00e9voile le parcours atypique et la vision inspirante de cet entrepreneur passionn\u00e9, qui fait aujourd\u2019hui du padel une priorit\u00e9 en Mauritanie.<\/p>\n<p>\u00c0 Nouakchott, capitale saharienne \u00e0 mille lieues des grandes m\u00e9tropoles du padel, un projet ambitieux prend forme. Avec deux pistes outdoor, une communaut\u00e9 croissante et un ancrage social fort, le\u00a0Sahara Padel Club\u00a0s\u2019impose comme\u00a0le moteur du padel mauritanien.<\/p>\n<h3 class=\"wp-block-heading\">Un entrepreneur aux racines sportives<\/h3>\n<p>\u00c0 44 ans,\u00a0Hanna Ghassan\u00a0n\u2019a rien perdu de son enthousiasme. Ancien\u00a0joueur de football en premi\u00e8re division,\u00a0capitaine de l\u2019\u00e9quipe nationale de rugby \u00e0 XV, et\u00a0amoureux de basketball \u00e0 l\u2019\u00e9poque de Jordan, il incarne cette g\u00e9n\u00e9ration de leaders passionn\u00e9s qui r\u00eavent de b\u00e2tir des projets durables.<\/p>\n<p>C\u2019est en\u00a02018, lors de vacances \u00e0\u00a0Las Palmas\u00a0(Canaries), qu\u2019il d\u00e9couvre le\u00a0padel, presque par hasard. \u00ab En me promenant, j\u2019ai vu des terrains vitr\u00e9es, une pala m\u2019a \u00e9t\u00e9 tendue\u2026 et j\u2019ai tout de suite accroch\u00e9. Moi qui n\u2019avais jamais aim\u00e9 le tennis, j\u2019ai trouv\u00e9 ici un m\u00e9lange unique de fun, d\u2019intensit\u00e9 et de convivialit\u00e9 \u00bb.<\/p>\n<h3 class=\"wp-block-heading\">Le Sahara Padel Club, un pari visionnaire<\/h3>\n<p>Fond\u00e9 en\u00a0f\u00e9vrier 2023 \u00e0 Nouakchott, le\u00a0Sahara Padel Club\u00a0a d\u2019abord surpris. \u00ab Certains doutaient, mais j\u2019ai \u00e9cout\u00e9 mon intuition \u00bb, confie le pr\u00e9sident. R\u00e9sultat : un\u00a0club familial de r\u00e9f\u00e9rence, avec\u00a0deux pistes de padel outdoor, un\u00a0terrain de beach tennis, un\u00a0padel shop, une\u00a0salle de sport, des\u00a0vestiaires modernes\u00a0et une\u00a0caf\u00e9t\u00e9ria\/snack.<\/p>\n<p>Aujourd\u2019hui,\u00a0environ 250 membres\u00a0le fr\u00e9quentent r\u00e9guli\u00e8rement :\u00a0200 hommes,\u00a050 femmes\u00a0et\u00a0une douzaine de jeunes, form\u00e9s par un moniteur en reconversion padel. L\u2019esprit de\u00a0formation\u00a0et de\u00a0transmission\u00a0y est fondamental.<\/p>\n<h3 class=\"wp-block-heading\">Une dynamique sportive bien install\u00e9e<\/h3>\n<p>Chaque mois, un\u00a0tournoi interne\u00a0est organis\u00e9, avec une\u00a0cat\u00e9gorie f\u00e9minine\u00a0int\u00e9gr\u00e9e. En\u00a0juin 2024, le club a franchi un cap en accueillant\u00a0la Coupe d\u2019Afrique de Padel, organis\u00e9e sous l\u2019\u00e9gide de la\u00a0Conf\u00e9d\u00e9ration Africaine de Padel (CAP), avec la participation et la victoire de\u00a0l\u2019\u00e9quipe de Madagascar.<\/p>\n<h3 class=\"wp-block-heading\">Une F\u00e9d\u00e9ration en marche<\/h3>\n<p>Aux c\u00f4t\u00e9s d\u2019Ahmed Baya, pr\u00e9sident de la nouvelle entit\u00e9, Hanna Ghassan a cofond\u00e9 la\u00a0F\u00e9d\u00e9ration de Padel de la R\u00e9publique Islamique de Mauritanie (FPRIM). Objectif :\u00a0structurer le padel\u00a0au niveau national, en\u00a0coordination avec les minist\u00e8res du Sport et de l\u2019Int\u00e9rieur, et promouvoir une vision\u00a0inclusive, ambitieuse et bienveillante.<\/p>\n<h3 class=\"wp-block-heading\">Une ambition claire : hisser la Mauritanie sur la carte du padel<\/h3>\n<p>Les projets ne manquent pas. \u00c0\u00a0court terme, le club souhaite\u00a0ajouter deux pistes\u00a0et organiser davantage d\u2019\u00e9v\u00e9nements. \u00c0\u00a0moyen terme, place \u00e0 la\u00a0formation de joueurs et de coachs, avec l\u2019arriv\u00e9e de\u00a0professionnels internationaux. Sur le\u00a0long terme, Hanna Ghassan vise l\u2019international :\u00a0organisation de tournois,\u00a0participation \u00e0 des comp\u00e9titions africaines et mondiales, et surtout\u00a0visibilit\u00e9 accrue du padel mauritanien.<\/p>\n<h3 class=\"wp-block-heading\">Une premi\u00e8re exp\u00e9rience \u00e0 l\u2019\u00e9tranger : direction la Coupe Internationale des Clubs<\/h3>\n<p>En\u00a0octobre 2025, le Sahara Padel Club participera \u00e0 la\u00a0Coupe Internationale des Clubs de Padel (CICP)\u00a0\u00e0\u00a0Saly, au S\u00e9n\u00e9gal. Cette participation, rendue possible gr\u00e2ce au soutien de\u00a0l\u2019AECP, de\u00a0l\u2019APS, du\u00a0Club La Palmeraie\u00a0et de la\u00a0CAP, repr\u00e9sente\u00a0un tournant majeur\u00a0pour le jeune club mauritanien.<\/p>\n<p>\u00ab C\u2019est une formidable opportunit\u00e9 humaine et sportive. Nous allons partager nos valeurs, faire d\u00e9couvrir notre club, et peut-\u00eatre briller, notamment avec notre\u00a0\u00e9quipe f\u00e9minine\u00a0pleine de potentiel \u00bb, explique le pr\u00e9sident. \u00ab Et en bon ancien rugbyman, je me r\u00e9jouis d\u00e9j\u00e0 des moments conviviaux \u00e0 venir autour d\u2019une bonne table ! \u00bb<\/p>\n<p>Avec son \u00e9nergie, sa vision et ses valeurs,\u00a0Hanna Ghassan\u00a0incarne la nouvelle g\u00e9n\u00e9ration de b\u00e2tisseurs du padel africain. Le\u00a0Sahara Padel Club\u00a0n\u2019est pas qu\u2019un club : c\u2019est\u00a0le symbole d\u2019un \u00e9cosyst\u00e8me qui \u00e9merge, structur\u00e9, ambitieux, et pr\u00eat \u00e0 surprendre l\u2019Afrique \u2013 et le monde \u2013\u00a0pala \u00e0 la main.<\/p>\n<p><a href=\"https:\/\/padelmagazine.fr\/sahara-padel-club-la-mauritanie-entre-dans-larene-du-padel-international\/\">Sahara Padel Club : la Mauritanie entre dans l\u2019ar\u00e8ne du padel international | Padel Magazine<\/a><\/p>\n","protected":false},"excerpt":{"rendered":"<p>Il y a des rencontres qui marquent. Celle avec Hanna Ghassan, pr\u00e9sident du Sahara Padel Club, en fait partie.\u00a0Cette interview, r\u00e9alis\u00e9e pour\u00a0Padel Magazine\u00a0et l\u2019Association Europ\u00e9enne des Clubs de Padel (AECP), d\u00e9voile le parcours atypique et la vision inspirante de cet entrepreneur passionn\u00e9, qui fait aujourd\u2019hui du padel une priorit\u00e9 en Mauritanie. \u00c0 Nouakchott, capitale saharienne &hellip;<\/p>\n","protected":false},"author":2,"featured_media":17287,"comment_status":"open","ping_status":"open","sticky":false,"template":"","format":"standard","meta":{"footnotes":""},"categories":[18,17],"tags":[],"class_list":["post-17286","post","type-post","status-publish","format-standard","has-post-thumbnail","hentry","category-actualites","category-sports"],"_links":{"self":[{"href":"https:\/\/ladepeche.mr\/index.php?rest_route=\/wp\/v2\/posts\/17286","targetHints":{"allow":["GET"]}}],"collection":[{"href":"https:\/\/ladepeche.mr\/index.php?rest_route=\/wp\/v2\/posts"}],"about":[{"href":"https:\/\/ladepeche.mr\/index.php?rest_route=\/wp\/v2\/types\/post"}],"author":[{"embeddable":true,"href":"https:\/\/ladepeche.mr\/index.php?rest_route=\/wp\/v2\/users\/2"}],"replies":[{"embeddable":true,"href":"https:\/\/ladepeche.mr\/index.php?rest_route=%2Fwp%2Fv2%2Fcomments&post=17286"}],"version-history":[{"count":1,"href":"https:\/\/ladepeche.mr\/index.php?rest_route=\/wp\/v2\/posts\/17286\/revisions"}],"predecessor-version":[{"id":17288,"href":"https:\/\/ladepeche.mr\/index.php?rest_route=\/wp\/v2\/posts\/17286\/revisions\/17288"}],"wp:featuredmedia":[{"embeddable":true,"href":"https:\/\/ladepeche.mr\/index.php?rest_route=\/wp\/v2\/media\/17287"}],"wp:attachment":[{"href":"https:\/\/ladepeche.mr\/index.php?rest_route=%2Fwp%2Fv2%2Fmedia&parent=17286"}],"wp:term":[{"taxonomy":"category","embeddable":true,"href":"https:\/\/ladepeche.mr\/index.php?rest_route=%2Fwp%2Fv2%2Fcategories&post=17286"},{"taxonomy":"post_tag","embeddable":true,"href":"https:\/\/ladepeche.mr\/index.php?rest_route=%2Fwp%2Fv2%2Ftags&post=17286"}],"curies":[{"name":"wp","href":"https:\/\/api.w.org\/{rel}","templated":true}]}}