{"id":17291,"date":"2025-07-31T17:18:29","date_gmt":"2025-07-31T17:18:29","guid":{"rendered":"https:\/\/ladepeche.mr\/?p=17291"},"modified":"2025-07-31T17:18:29","modified_gmt":"2025-07-31T17:18:29","slug":"gouvernement-lassemblee-nationale-adopte-la-loi-de-finances-rectificative-pour-2025","status":"publish","type":"post","link":"https:\/\/ladepeche.mr\/?p=17291","title":{"rendered":"Gouvernement: L\u2019Assembl\u00e9e nationale adopte la loi de finances rectificative pour 2025"},"content":{"rendered":"<p data-start=\"237\" data-end=\"454\">L\u2019Assembl\u00e9e nationale a approuv\u00e9, mercredi, en s\u00e9ance pl\u00e9ni\u00e8re pr\u00e9sid\u00e9e par Mohamed Bemba Meguett, le projet de loi de finances rectificative pour l\u2019ann\u00e9e 2025.<\/p>\n<p data-start=\"456\" data-end=\"800\">Le texte adopt\u00e9 pr\u00e9voit un budget r\u00e9vis\u00e9 de 119,12 milliards d\u2019ouguiyas, soit une hausse de 1,92 % par rapport au budget initial. Cette r\u00e9vision vise \u00e0 r\u00e9aligner les ressources avec les priorit\u00e9s du programme pr\u00e9sidentiel <em data-start=\"686\" data-end=\"717\">&#8220;Mon ambition pour la patrie&#8221;<\/em>, en tenant compte des nouvelles donn\u00e9es \u00e9conomiques nationales et internationales.<\/p>\n<p data-start=\"802\" data-end=\"1057\">Le d\u00e9ficit budg\u00e9taire est revu \u00e0 la baisse \u00e0 -2,16 milliards d\u2019ouguiyas, contre -6,37 milliards dans la loi initiale, traduisant une r\u00e9duction de 66,06 %. Les recettes fiscales augmentent de 5,5 %, atteignant 76,2 milliards d\u2019ouguiyas.<\/p>\n<p data-start=\"1059\" data-end=\"1233\">C\u00f4t\u00e9 d\u00e9penses, les investissements progressent de 4,66 %, \u00e0 53,57 milliards d\u2019ouguiyas, tandis que les d\u00e9penses de fonctionnement augmentent l\u00e9g\u00e8rement de 0,90 %.<\/p>\n<p data-start=\"1235\" data-end=\"1582\">Le ministre de l\u2019\u00c9conomie et des Finances, Sid\u2019Ahmed Bouh, a indiqu\u00e9 que l\u2019ex\u00e9cution budg\u00e9taire \u00e0 mi-parcours atteint 48 % pour les d\u00e9penses et 50 % pour les recettes. Il a \u00e9galement signal\u00e9 une baisse du taux d\u2019inflation pr\u00e9vu, pass\u00e9 de 4 % \u00e0 2,5 %, et une am\u00e9lioration du d\u00e9ficit budg\u00e9taire g\u00e9n\u00e9ral de 1,44 % \u00e0 0,47 % du PIB.<\/p>\n<p data-start=\"1584\" data-end=\"1788\">Les d\u00e9put\u00e9s ont salu\u00e9 les orientations du texte tout en appelant \u00e0 plus de transparence, au renforcement de la production locale et \u00e0 une meilleure gestion des recrutements dans l\u2019administration publique.<\/p>\n<p data-start=\"1584\" data-end=\"1788\">(avec ami)<\/p>\n","protected":false},"excerpt":{"rendered":"<p>L\u2019Assembl\u00e9e nationale a approuv\u00e9, mercredi, en s\u00e9ance pl\u00e9ni\u00e8re pr\u00e9sid\u00e9e par Mohamed Bemba Meguett, le projet de loi de finances rectificative pour l\u2019ann\u00e9e 2025. Le texte adopt\u00e9 pr\u00e9voit un budget r\u00e9vis\u00e9 de 119,12 milliards d\u2019ouguiyas, soit une hausse de 1,92 % par rapport au budget initial. Cette r\u00e9vision vise \u00e0 r\u00e9aligner les ressources avec les priorit\u00e9s &hellip;<\/p>\n","protected":false},"author":2,"featured_media":17292,"comment_status":"open","ping_status":"open","sticky":false,"template":"","format":"standard","meta":{"footnotes":""},"categories":[18,2],"tags":[],"class_list":["post-17291","post","type-post","status-publish","format-standard","has-post-thumbnail","hentry","category-actualites","category-economie"],"_links":{"self":[{"href":"https:\/\/ladepeche.mr\/index.php?rest_route=\/wp\/v2\/posts\/17291","targetHints":{"allow":["GET"]}}],"collection":[{"href":"https:\/\/ladepeche.mr\/index.php?rest_route=\/wp\/v2\/posts"}],"about":[{"href":"https:\/\/ladepeche.mr\/index.php?rest_route=\/wp\/v2\/types\/post"}],"author":[{"embeddable":true,"href":"https:\/\/ladepeche.mr\/index.php?rest_route=\/wp\/v2\/users\/2"}],"replies":[{"embeddable":true,"href":"https:\/\/ladepeche.mr\/index.php?rest_route=%2Fwp%2Fv2%2Fcomments&post=17291"}],"version-history":[{"count":1,"href":"https:\/\/ladepeche.mr\/index.php?rest_route=\/wp\/v2\/posts\/17291\/revisions"}],"predecessor-version":[{"id":17293,"href":"https:\/\/ladepeche.mr\/index.php?rest_route=\/wp\/v2\/posts\/17291\/revisions\/17293"}],"wp:featuredmedia":[{"embeddable":true,"href":"https:\/\/ladepeche.mr\/index.php?rest_route=\/wp\/v2\/media\/17292"}],"wp:attachment":[{"href":"https:\/\/ladepeche.mr\/index.php?rest_route=%2Fwp%2Fv2%2Fmedia&parent=17291"}],"wp:term":[{"taxonomy":"category","embeddable":true,"href":"https:\/\/ladepeche.mr\/index.php?rest_route=%2Fwp%2Fv2%2Fcategories&post=17291"},{"taxonomy":"post_tag","embeddable":true,"href":"https:\/\/ladepeche.mr\/index.php?rest_route=%2Fwp%2Fv2%2Ftags&post=17291"}],"curies":[{"name":"wp","href":"https:\/\/api.w.org\/{rel}","templated":true}]}}