{"id":17294,"date":"2025-07-31T18:15:44","date_gmt":"2025-07-31T18:15:44","guid":{"rendered":"https:\/\/ladepeche.mr\/?p=17294"},"modified":"2025-07-31T18:18:56","modified_gmt":"2025-07-31T18:18:56","slug":"signature-dun-contrat-de-partenariat-public-prive-pour-le-projet-du-complexe-agro-industriel-de-production-de-sucre-a-foum-gleita-dune-valeur-dinvestissement-de-446-million","status":"publish","type":"post","link":"https:\/\/ladepeche.mr\/?p=17294","title":{"rendered":"Signature d\u2019un contrat PPP pour le complexe agro-industriel sucrier \u00e0 Foum Gleita, d\u2019une valeur de 446 millions Usd"},"content":{"rendered":"<p>Les locaux du minist\u00e8re de l&#8217;\u00c9conomie et des Finances ont accueilli ce jeudi la c\u00e9r\u00e9monie de signature du contrat de partenariat public-priv\u00e9 concernant le projet de complexe agro-industriel de production de sucre dans la r\u00e9gion de Foum Gleita. Cette initiative strat\u00e9gique vise \u00e0 renforcer la s\u00e9curit\u00e9 alimentaire et \u00e0 atteindre l\u2019autosuffisance en sucre en Mauritanie.<\/p>\n<p>La c\u00e9r\u00e9monie a \u00e9t\u00e9 pr\u00e9sid\u00e9e par Son Excellence le ministre de l&#8217;\u00c9conomie et des Finances, M. Sidi Ahmed Ould Abah, et Son Excellence le ministre de l\u2019Agriculture et de la Souverainet\u00e9 alimentaire, M. Emem B\u00e9battah. Le contrat a \u00e9t\u00e9 sign\u00e9, du c\u00f4t\u00e9 gouvernemental, par les deux ministres susmentionn\u00e9s, ainsi que par le directeur g\u00e9n\u00e9ral de la Soci\u00e9t\u00e9 Mauritanienne du Sucre et D\u00e9riv\u00e9s, M. Mohamed Taqi Allah Ould Cheikh Bouye.<\/p>\n<p>Le groupement d&#8217;entreprises adjudicataire du projet, op\u00e9rant sous le nom de \u00ab Soci\u00e9t\u00e9 Nationale du Sucre (SNS) \u00bb, \u00e9tait repr\u00e9sent\u00e9 par son directeur g\u00e9n\u00e9ral, M. Achraf Ibrahim Ahmed Bakhit.<\/p>\n<p>Dans son allocution, le ministre de l&#8217;\u00c9conomie et des Finances a expliqu\u00e9 que ce projet permettra d\u2019\u00e9conomiser des devises \u00e9trang\u00e8res actuellement d\u00e9pens\u00e9es pour l&#8217;importation du sucre, produit essentiel \u00e0 la consommation quotidienne de chaque citoyen. Il a ajout\u00e9 que le projet constituera \u00e9galement un levier pour le d\u00e9veloppement agricole et la transformation industrielle dans le secteur agricole en g\u00e9n\u00e9ral.<\/p>\n<p>Le ministre a pr\u00e9cis\u00e9 qu\u2019il s\u2019agit d\u2019un partenariat public-priv\u00e9 dont le d\u00e9veloppement sera assur\u00e9 par une alliance d\u2019entreprises, en particulier le groupe soudanais Al-Badri. Il a soulign\u00e9 que cela refl\u00e8te le renforcement des relations entre la Mauritanie et le Soudan. Il a \u00e9galement mentionn\u00e9 que l\u2019exp\u00e9rience accumul\u00e9e par le Br\u00e9sil dans les projets de culture et de production de sucre repr\u00e9sente une garantie suppl\u00e9mentaire de l&#8217;efficacit\u00e9 et de la qualit\u00e9 des travaux \u00e0 venir dans ce complexe.<\/p>\n<p>Il a rappel\u00e9 que le lancement effectif du projet est d\u00e9sormais imminent et que la Mauritanie ainsi que le consortium d\u2019entreprises placent de grands espoirs dans ce projet. Il a pr\u00e9cis\u00e9 que celui-ci g\u00e9n\u00e9rera de nombreux emplois dans le pays, en mettant l\u2019accent sur la priorit\u00e9 donn\u00e9e \u00e0 la main-d\u2019\u0153uvre locale, qui b\u00e9n\u00e9ficiera directement des retomb\u00e9es du projet.<\/p>\n<p>De son c\u00f4t\u00e9, le directeur g\u00e9n\u00e9ral de la Soci\u00e9t\u00e9 Mauritanienne du Sucre et D\u00e9riv\u00e9s, M. Mohamed Takiyoullah Ould Cheikh Bouye, a exprim\u00e9 ses sinc\u00e8res remerciements pour le soutien et la coop\u00e9ration re\u00e7us de la part des minist\u00e8res de l\u2019\u00c9conomie et des Finances, de l\u2019Agriculture, ainsi que de l\u2019administration g\u00e9n\u00e9rale du secteur public-priv\u00e9. Il a indiqu\u00e9 que la signature de cette convention, qui marque la premi\u00e8re phase de ce projet structurant, permettra de couvrir 63 % de la consommation locale de sucre en Mauritanie.<\/p>\n<p>La production effective devrait commencer dans un d\u00e9lai de trois ans \u00e0 compter de la date de signature, dans le cadre d\u2019un contrat s\u2019\u00e9talant sur une p\u00e9riode de trente ans. Le projet b\u00e9n\u00e9ficiera d\u2019une superficie agricole disponible de 17 000 hectares et d\u2019une capacit\u00e9 hydraulique du barrage atteignant 500 millions de m\u00e8tres cubes, extensible \u00e0 1 100 millions de m\u00e8tres cubes.<\/p>\n<p>Ce projet ambitieux constitue une avanc\u00e9e majeure pour les secteurs agricole et industriel mauritaniens.<\/p>\n<p>La c\u00e9r\u00e9monie de signature a vu la participation de plusieurs fonctionnaires des deux minist\u00e8res concern\u00e9s, ainsi que des ambassadeurs du Soudan et du Br\u00e9sil, soulignant l&#8217;importance strat\u00e9gique de ce projet.<\/p>\n<p>Source MEF<\/p>\n<p>Traduction<\/p>\n","protected":false},"excerpt":{"rendered":"<p>Les locaux du minist\u00e8re de l&#8217;\u00c9conomie et des Finances ont accueilli ce jeudi la c\u00e9r\u00e9monie de signature du contrat de partenariat public-priv\u00e9 concernant le projet de complexe agro-industriel de production de sucre dans la r\u00e9gion de Foum Gleita. Cette initiative strat\u00e9gique vise \u00e0 renforcer la s\u00e9curit\u00e9 alimentaire et \u00e0 atteindre l\u2019autosuffisance en sucre en Mauritanie. &hellip;<\/p>\n","protected":false},"author":2,"featured_media":17295,"comment_status":"open","ping_status":"open","sticky":false,"template":"","format":"standard","meta":{"footnotes":""},"categories":[18,2],"tags":[],"class_list":["post-17294","post","type-post","status-publish","format-standard","has-post-thumbnail","hentry","category-actualites","category-economie"],"_links":{"self":[{"href":"https:\/\/ladepeche.mr\/index.php?rest_route=\/wp\/v2\/posts\/17294","targetHints":{"allow":["GET"]}}],"collection":[{"href":"https:\/\/ladepeche.mr\/index.php?rest_route=\/wp\/v2\/posts"}],"about":[{"href":"https:\/\/ladepeche.mr\/index.php?rest_route=\/wp\/v2\/types\/post"}],"author":[{"embeddable":true,"href":"https:\/\/ladepeche.mr\/index.php?rest_route=\/wp\/v2\/users\/2"}],"replies":[{"embeddable":true,"href":"https:\/\/ladepeche.mr\/index.php?rest_route=%2Fwp%2Fv2%2Fcomments&post=17294"}],"version-history":[{"count":5,"href":"https:\/\/ladepeche.mr\/index.php?rest_route=\/wp\/v2\/posts\/17294\/revisions"}],"predecessor-version":[{"id":17300,"href":"https:\/\/ladepeche.mr\/index.php?rest_route=\/wp\/v2\/posts\/17294\/revisions\/17300"}],"wp:featuredmedia":[{"embeddable":true,"href":"https:\/\/ladepeche.mr\/index.php?rest_route=\/wp\/v2\/media\/17295"}],"wp:attachment":[{"href":"https:\/\/ladepeche.mr\/index.php?rest_route=%2Fwp%2Fv2%2Fmedia&parent=17294"}],"wp:term":[{"taxonomy":"category","embeddable":true,"href":"https:\/\/ladepeche.mr\/index.php?rest_route=%2Fwp%2Fv2%2Fcategories&post=17294"},{"taxonomy":"post_tag","embeddable":true,"href":"https:\/\/ladepeche.mr\/index.php?rest_route=%2Fwp%2Fv2%2Ftags&post=17294"}],"curies":[{"name":"wp","href":"https:\/\/api.w.org\/{rel}","templated":true}]}}