{"id":17319,"date":"2025-07-31T19:02:00","date_gmt":"2025-07-31T19:02:00","guid":{"rendered":"https:\/\/ladepeche.mr\/?p=17319"},"modified":"2025-07-31T19:02:37","modified_gmt":"2025-07-31T19:02:37","slug":"cloture-de-la-deuxieme-session-parlementaire-2024-2025-marquee-par-ladoption-de-28-textes","status":"publish","type":"post","link":"https:\/\/ladepeche.mr\/?p=17319","title":{"rendered":"Cl\u00f4ture de la deuxi\u00e8me session parlementaire 2024-2025 marqu\u00e9e par l\u2019adoption de 28 textes l\u00e9gislatifs"},"content":{"rendered":"<p data-start=\"206\" data-end=\"502\">La deuxi\u00e8me session ordinaire de l\u2019ann\u00e9e parlementaire 2024-2025 s\u2019est achev\u00e9e ce jeudi \u00e0 Nouakchott, lors d\u2019une s\u00e9ance pl\u00e9ni\u00e8re pr\u00e9sid\u00e9e par le pr\u00e9sident de l\u2019Assembl\u00e9e nationale, M. Mohamed Bamba Meguett, en pr\u00e9sence de plusieurs membres du gouvernement.<\/p>\n<p data-start=\"504\" data-end=\"905\">Dans son discours de cl\u00f4ture, M. Meguett a indiqu\u00e9 que la session a \u00e9t\u00e9 marqu\u00e9e par l\u2019adoption de vingt-huit textes l\u00e9gislatifs, visant \u00e0 renforcer le syst\u00e8me juridique et \u00e0 accompagner les efforts de d\u00e9veloppement du pays. Ces textes concernent notamment la lutte contre la corruption, la r\u00e9vision du r\u00e8glement int\u00e9rieur du Parlement, ainsi que la r\u00e9forme du Code de proc\u00e9dure p\u00e9nale.<\/p>\n<p data-start=\"907\" data-end=\"1274\">Par ailleurs, plusieurs lois ont \u00e9t\u00e9 approuv\u00e9es dans le domaine \u00e9conomique et social, portant sur les services d\u2019eau, d\u2019\u00e9lectricit\u00e9, de formation professionnelle, ainsi que sur l\u2019autonomisation des femmes et leur acc\u00e8s \u00e0 l\u2019\u00e9ducation. D\u2019autres textes ont permis de d\u00e9finir un cadre juridique pour les activit\u00e9s industrielles, mini\u00e8res et maritimes.<\/p>\n<p data-start=\"1276\" data-end=\"1460\">Le pr\u00e9sident de l\u2019Assembl\u00e9e a \u00e9galement salu\u00e9 l\u2019adoption de six lois relatives \u00e0 l\u2019environnement, destin\u00e9es \u00e0 faire face aux d\u00e9fis li\u00e9s aux transformations sociales et \u00e9conomiques.<\/p>\n<p data-start=\"1462\" data-end=\"1728\">Sur le plan du contr\u00f4le parlementaire, vingt-quatre questions orales ont \u00e9t\u00e9 adress\u00e9es au gouvernement. M. Meguett a soulign\u00e9 que cette session a renforc\u00e9 le r\u00f4le d\u00e9mocratique du Parlement et illustr\u00e9 la coop\u00e9ration entre les pouvoirs l\u00e9gislatif et ex\u00e9cutif.<\/p>\n<p data-start=\"1730\" data-end=\"1962\">Enfin, il a mis en avant l\u2019activit\u00e9 diplomatique du Parlement, notamment \u00e0 travers l\u2019organisation du Forum Parlementaire \u00c9conomique Mauritano-Marocain et la signature d\u2019un m\u00e9morandum d\u2019entente avec le Parlement alg\u00e9rien.<\/p>\n<p data-start=\"1964\" data-end=\"2089\">La session s\u2019est conclue conform\u00e9ment aux dispositions de la Constitution et du r\u00e8glement int\u00e9rieur de l\u2019Assembl\u00e9e nationale.<\/p>\n<p data-start=\"1964\" data-end=\"2089\">(avec ami)<\/p>\n","protected":false},"excerpt":{"rendered":"<p>La deuxi\u00e8me session ordinaire de l\u2019ann\u00e9e parlementaire 2024-2025 s\u2019est achev\u00e9e ce jeudi \u00e0 Nouakchott, lors d\u2019une s\u00e9ance pl\u00e9ni\u00e8re pr\u00e9sid\u00e9e par le pr\u00e9sident de l\u2019Assembl\u00e9e nationale, M. Mohamed Bamba Meguett, en pr\u00e9sence de plusieurs membres du gouvernement. Dans son discours de cl\u00f4ture, M. Meguett a indiqu\u00e9 que la session a \u00e9t\u00e9 marqu\u00e9e par l\u2019adoption de vingt-huit &hellip;<\/p>\n","protected":false},"author":2,"featured_media":17310,"comment_status":"open","ping_status":"open","sticky":false,"template":"","format":"standard","meta":{"footnotes":""},"categories":[18,31],"tags":[],"class_list":["post-17319","post","type-post","status-publish","format-standard","has-post-thumbnail","hentry","category-actualites","category-politique-et-reportages"],"_links":{"self":[{"href":"https:\/\/ladepeche.mr\/index.php?rest_route=\/wp\/v2\/posts\/17319","targetHints":{"allow":["GET"]}}],"collection":[{"href":"https:\/\/ladepeche.mr\/index.php?rest_route=\/wp\/v2\/posts"}],"about":[{"href":"https:\/\/ladepeche.mr\/index.php?rest_route=\/wp\/v2\/types\/post"}],"author":[{"embeddable":true,"href":"https:\/\/ladepeche.mr\/index.php?rest_route=\/wp\/v2\/users\/2"}],"replies":[{"embeddable":true,"href":"https:\/\/ladepeche.mr\/index.php?rest_route=%2Fwp%2Fv2%2Fcomments&post=17319"}],"version-history":[{"count":2,"href":"https:\/\/ladepeche.mr\/index.php?rest_route=\/wp\/v2\/posts\/17319\/revisions"}],"predecessor-version":[{"id":17321,"href":"https:\/\/ladepeche.mr\/index.php?rest_route=\/wp\/v2\/posts\/17319\/revisions\/17321"}],"wp:featuredmedia":[{"embeddable":true,"href":"https:\/\/ladepeche.mr\/index.php?rest_route=\/wp\/v2\/media\/17310"}],"wp:attachment":[{"href":"https:\/\/ladepeche.mr\/index.php?rest_route=%2Fwp%2Fv2%2Fmedia&parent=17319"}],"wp:term":[{"taxonomy":"category","embeddable":true,"href":"https:\/\/ladepeche.mr\/index.php?rest_route=%2Fwp%2Fv2%2Fcategories&post=17319"},{"taxonomy":"post_tag","embeddable":true,"href":"https:\/\/ladepeche.mr\/index.php?rest_route=%2Fwp%2Fv2%2Ftags&post=17319"}],"curies":[{"name":"wp","href":"https:\/\/api.w.org\/{rel}","templated":true}]}}