{"id":17325,"date":"2025-08-01T16:09:52","date_gmt":"2025-08-01T16:09:52","guid":{"rendered":"https:\/\/ladepeche.mr\/?p=17325"},"modified":"2025-08-01T16:09:52","modified_gmt":"2025-08-01T16:09:52","slug":"lancement-de-la-semaine-nationale-de-larbre-ghazouani-plaide-pour-limplication-de-tous","status":"publish","type":"post","link":"https:\/\/ladepeche.mr\/?p=17325","title":{"rendered":"Lancement de la Semaine nationale de l\u2019arbre : Ghazouani plaide pour l&#8217;implication de tous"},"content":{"rendered":"<p>Le pr\u00e9sident Mohamed Ould Cheikh El Ghazouani a donn\u00e9, ce vendredi matin \u00e0 Tevragh-Zeina (Nouakchott-Ouest), le coup d\u2019envoi officiel de la Semaine nationale de l\u2019arbre. Cet \u00e9v\u00e9nement marque \u00e9galement le lancement du programme national de reboisement et de semis direct \u2013 Campagne 2025, un projet ambitieux inscrit dans la lutte contre la d\u00e9sertification et le changement climatique.<\/p>\n<p>En Mauritanie, la mobilisation nationale contre la d\u00e9gradation de l\u2019environnement intervient depuis le sommet de l\u2019Etat. L\u2019engagement politique du pr\u00e9sident en est le sceau et l\u2019expression de la volont\u00e9 politique pour convaincre, chacun, \u00e0 planter un\u2026espoir.<br \/>\nDans une d\u00e9claration \u00e0 la presse, le chef de l\u2019\u00c9tat a soulign\u00e9 l\u2019ampleur des d\u00e9fis environnementaux que traverse la Mauritanie, les qualifiant de \u00ab d\u00e9fis mondiaux \u00bb. Il a insist\u00e9 sur la n\u00e9cessit\u00e9 d\u2019une mobilisation collective pour la pr\u00e9servation d\u2019un environnement sain et durable.<\/p>\n<p><img loading=\"lazy\" decoding=\"async\" src=\"http:\/\/ladepeche.mr\/wp-content\/uploads\/2025\/08\/reboisement2-300x209.jpg\" alt=\"\" width=\"300\" height=\"209\" class=\"alignright size-medium wp-image-17328\" \/><\/p>\n<blockquote><p>\u00ab La Mauritanie a connu, ces derni\u00e8res d\u00e9cennies, une grave d\u00e9gradation de son environnement, caus\u00e9e par la s\u00e9cheresse, la d\u00e9sertification et l\u2019exploitation irresponsable de la couverture v\u00e9g\u00e9tale. Il est temps de changer les mentalit\u00e9s et de renforcer la conscience \u00e9cologique \u00bb<\/p><\/blockquote>\n<p> , a d\u00e9clar\u00e9 le pr\u00e9sident Ghazouani appelant \u00e0 l\u2019implication de toutes les composantes de la soci\u00e9t\u00e9, le pr\u00e9sident a rappel\u00e9 le r\u00f4le central que joue l\u2019arbre dans l\u2019att\u00e9nuation des effets du changement climatique.<\/p>\n<p>Le coup d\u2019envoi donn\u00e9 par le pr\u00e9sident pour ce programme ambitieux aux dimensions multiples se veut r\u00e9parateur.<br \/>\nIl pr\u00e9voit des actions concr\u00e8tes \u00e0 l\u2019\u00e9chelle nationale, dont :<br \/>\n\u2022 Le reboisement de 500 hectares ;<br \/>\n\u2022 Un semis a\u00e9rien sur 587 hectares ;<br \/>\n\u2022 Un semis direct sur 2 913 hectares ;<br \/>\n\u2022 Et la pr\u00e9paration de 4 000 parcelles dans plusieurs wilayas pour le reboisement et le semis.<br \/>\nL\u2019objectif ici est double : restaurer les zones les plus touch\u00e9es par la d\u00e9gradation des sols, d\u2019une part, et am\u00e9liorer les conditions de vie des communaut\u00e9s rurales, d\u2019autre part.<br \/>\nCe programme s\u2019inscrit dans le cadre de la strat\u00e9gie nationale de d\u00e9veloppement durable, en coh\u00e9rence avec les engagements internationaux de la Mauritanie en mati\u00e8re de climat et d\u2019environnement.<\/p>\n<p><strong>L\u2019ensemencement a\u00e9rien \u00abne donne pas \u00bb ses r\u00e9sultats<\/strong><\/p>\n<p>La veille, des op\u00e9rations d\u2019ensemencement a\u00e9rien, sous la supervision du ministre de la D\u00e9fense, Hanena Ould Sidi, de la ministre de l\u2019Environnement, Mme Massouda Mint Baham Ould Mohamed Laghdaf, et du chef d\u2019\u00e9tat-major g\u00e9n\u00e9ral des Arm\u00e9es, le g\u00e9n\u00e9ral Mohamed Vall Rayess, ont \u00e9t\u00e9 \u00e9galement initi\u00e9es, en soutien \u00e0 cette campagne, qui durera une semaine. L\u2019objectif de l\u2019ensemencement est de d\u00e9verser, dans le sillage de l\u2019hivernage, quatre tonnes de graines d\u2019esp\u00e8ces adapt\u00e9es \u00e0 la d\u00e9sertification, sur une superficie de 6,1 millions d\u2019hectares, r\u00e9partis entre les r\u00e9gions de l\u2019Adrar, l\u2019Inchiri, le Trarza, le Tagant, le Hodh El Gharbi, le Hodh Charghi, l\u2019Assaba, le Tiris Zemmour et Dakhlet Nouadhibou.<\/p>\n<p><img loading=\"lazy\" decoding=\"async\" src=\"http:\/\/ladepeche.mr\/wp-content\/uploads\/2025\/08\/ensemencement-2024-2-1-300x225.jpeg\" alt=\"\" width=\"300\" height=\"225\" class=\"alignright size-medium wp-image-17329\" srcset=\"https:\/\/ladepeche.mr\/wp-content\/uploads\/2025\/08\/ensemencement-2024-2-1-300x225.jpeg 300w, https:\/\/ladepeche.mr\/wp-content\/uploads\/2025\/08\/ensemencement-2024-2-1-1024x768.jpeg 1024w, https:\/\/ladepeche.mr\/wp-content\/uploads\/2025\/08\/ensemencement-2024-2-1-768x576.jpeg 768w, https:\/\/ladepeche.mr\/wp-content\/uploads\/2025\/08\/ensemencement-2024-2-1.jpeg 1080w\" sizes=\"auto, (max-width: 300px) 100vw, 300px\" \/><\/p>\n<p>Une coordination interinstitutionnelle indispensable pour prendre \u00e0 bras le corps la probl\u00e9matique environnementale. La campagne b\u00e9n\u00e9ficie, en effet, d\u2019un appui logistique cons\u00e9quent, notamment de l\u2019\u00e9tat-major g\u00e9n\u00e9ral des Arm\u00e9es, et plus particuli\u00e8rement de l\u2019Arm\u00e9e de l\u2019Air, salu\u00e9e pour sa contribution d\u00e9cisive \u00e0 la mise en \u0153uvre des op\u00e9rations a\u00e9riennes.<br \/>\nMalheureusement, si directeur de la Protection de la Nature au minist\u00e8re de l\u2019Environnement, El Hassen Ould Mouloud, a pr\u00e9sent\u00e9 les modalit\u00e9s techniques du semis a\u00e9rien, les esp\u00e8ces choisies, ainsi que le calendrier de la campagne, aucune \u00e9valuation de l\u2019efficacit\u00e9 des efforts consentis ces derni\u00e8res ann\u00e9es pour r\u00e9g\u00e9n\u00e9rer le couvert v\u00e9g\u00e9tal n\u2019a encore \u00e9t\u00e9 partag\u00e9e. Pour certains observateurs, les m\u00e9thodes usit\u00e9es rel\u00e8veraient encore de proc\u00e9d\u00e9s empiriques.<br \/>\nPour la ministre de l\u2019Environnement, cit\u00e9e par des confr\u00e8res, cette op\u00e9ration vise non seulement \u00e0 restaurer la couverture v\u00e9g\u00e9tale, mais aussi \u00e0 cr\u00e9er des emplois verts et des opportunit\u00e9s \u00e9conomiques locales.<\/p>\n","protected":false},"excerpt":{"rendered":"<p>Le pr\u00e9sident Mohamed Ould Cheikh El Ghazouani a donn\u00e9, ce vendredi matin \u00e0 Tevragh-Zeina (Nouakchott-Ouest), le coup d\u2019envoi officiel de la Semaine nationale de l\u2019arbre. Cet \u00e9v\u00e9nement marque \u00e9galement le lancement du programme national de reboisement et de semis direct \u2013 Campagne 2025, un projet ambitieux inscrit dans la lutte contre la d\u00e9sertification et le &hellip;<\/p>\n","protected":false},"author":2,"featured_media":17330,"comment_status":"open","ping_status":"open","sticky":false,"template":"","format":"standard","meta":{"footnotes":""},"categories":[18,21],"tags":[],"class_list":["post-17325","post","type-post","status-publish","format-standard","has-post-thumbnail","hentry","category-actualites","category-fluctuations"],"_links":{"self":[{"href":"https:\/\/ladepeche.mr\/index.php?rest_route=\/wp\/v2\/posts\/17325","targetHints":{"allow":["GET"]}}],"collection":[{"href":"https:\/\/ladepeche.mr\/index.php?rest_route=\/wp\/v2\/posts"}],"about":[{"href":"https:\/\/ladepeche.mr\/index.php?rest_route=\/wp\/v2\/types\/post"}],"author":[{"embeddable":true,"href":"https:\/\/ladepeche.mr\/index.php?rest_route=\/wp\/v2\/users\/2"}],"replies":[{"embeddable":true,"href":"https:\/\/ladepeche.mr\/index.php?rest_route=%2Fwp%2Fv2%2Fcomments&post=17325"}],"version-history":[{"count":3,"href":"https:\/\/ladepeche.mr\/index.php?rest_route=\/wp\/v2\/posts\/17325\/revisions"}],"predecessor-version":[{"id":17332,"href":"https:\/\/ladepeche.mr\/index.php?rest_route=\/wp\/v2\/posts\/17325\/revisions\/17332"}],"wp:featuredmedia":[{"embeddable":true,"href":"https:\/\/ladepeche.mr\/index.php?rest_route=\/wp\/v2\/media\/17330"}],"wp:attachment":[{"href":"https:\/\/ladepeche.mr\/index.php?rest_route=%2Fwp%2Fv2%2Fmedia&parent=17325"}],"wp:term":[{"taxonomy":"category","embeddable":true,"href":"https:\/\/ladepeche.mr\/index.php?rest_route=%2Fwp%2Fv2%2Fcategories&post=17325"},{"taxonomy":"post_tag","embeddable":true,"href":"https:\/\/ladepeche.mr\/index.php?rest_route=%2Fwp%2Fv2%2Ftags&post=17325"}],"curies":[{"name":"wp","href":"https:\/\/api.w.org\/{rel}","templated":true}]}}