{"id":17356,"date":"2025-08-02T17:00:06","date_gmt":"2025-08-02T17:00:06","guid":{"rendered":"https:\/\/ladepeche.mr\/?p=17356"},"modified":"2025-08-02T17:01:03","modified_gmt":"2025-08-02T17:01:03","slug":"pehce-nouadhibou-lactiviste-ali-ould-bacar-aurait-utilise-du-materiel-obsolete-pour-fonder-ses-accusations","status":"publish","type":"post","link":"https:\/\/ladepeche.mr\/?p=17356","title":{"rendered":"P\u00eache\/Nouadhibou : l\u2019activiste Ali Ould Bacar aurait utilis\u00e9 du mat\u00e9riel \u00abobsol\u00e8te\u00bb pour fonder ses accusations"},"content":{"rendered":"<p>L\u2019activiste mauritanien Ali Ould Bacar a \u00e9t\u00e9 plac\u00e9 en d\u00e9tention par les autorit\u00e9s judiciaires, apr\u00e8s une plainte des garde-c\u00f4tes l\u2019accusant de diffusion de fausses informations portant atteinte \u00e0 la souverainet\u00e9 nationale, \u00e0 l\u2019\u00e9conomie et \u00e0 l\u2019image du pays, selon des sources judiciaires cit\u00e9s par des m\u00e9dias locaux.<br \/>\nIl est reproch\u00e9 \u00e0 l\u2019activiste d\u2019avoir publi\u00e9 sur les r\u00e9seaux sociaux des vid\u00e9os affirmant que des navires \u00e9trangers op\u00e9raient ill\u00e9galement dans les eaux mauritaniennes, informations jug\u00e9es infond\u00e9es et bas\u00e9es sur un syst\u00e8me de suivi obsol\u00e8te. Des v\u00e9rifications auraient r\u00e9v\u00e9l\u00e9 que certains navires signal\u00e9s \u00e9taient en r\u00e9alit\u00e9 \u00e0 quai au port de Nouadhibou.<br \/>\nLes autorit\u00e9s affirment avoir alert\u00e9 \u00e0 plusieurs reprises Ali Ould Bacar sur la fiabilit\u00e9 douteuse de ses sources. L\u2019une de ses publications aurait notamment faussement impliqu\u00e9 des navires russes pr\u00e8s du parc national du Banc d\u2019Arguin, une zone \u00e9cologiquement prot\u00e9g\u00e9e et strictement r\u00e9glement\u00e9e.<br \/>\nSelon les plaignants, cit\u00e9s par les m\u00e9dias, ces accusations infond\u00e9es ont sem\u00e9 la confusion, entach\u00e9 la r\u00e9putation des garde-c\u00f4tes et mis en p\u00e9ril les relations diplomatiques du pays.<\/p>\n","protected":false},"excerpt":{"rendered":"<p>L\u2019activiste mauritanien Ali Ould Bacar a \u00e9t\u00e9 plac\u00e9 en d\u00e9tention par les autorit\u00e9s judiciaires, apr\u00e8s une plainte des garde-c\u00f4tes l\u2019accusant de diffusion de fausses informations portant atteinte \u00e0 la souverainet\u00e9 nationale, \u00e0 l\u2019\u00e9conomie et \u00e0 l\u2019image du pays, selon des sources judiciaires cit\u00e9s par des m\u00e9dias locaux. Il est reproch\u00e9 \u00e0 l\u2019activiste d\u2019avoir publi\u00e9 sur &hellip;<\/p>\n","protected":false},"author":2,"featured_media":17128,"comment_status":"open","ping_status":"open","sticky":false,"template":"","format":"standard","meta":{"footnotes":""},"categories":[18,2],"tags":[],"class_list":["post-17356","post","type-post","status-publish","format-standard","has-post-thumbnail","hentry","category-actualites","category-economie"],"_links":{"self":[{"href":"https:\/\/ladepeche.mr\/index.php?rest_route=\/wp\/v2\/posts\/17356","targetHints":{"allow":["GET"]}}],"collection":[{"href":"https:\/\/ladepeche.mr\/index.php?rest_route=\/wp\/v2\/posts"}],"about":[{"href":"https:\/\/ladepeche.mr\/index.php?rest_route=\/wp\/v2\/types\/post"}],"author":[{"embeddable":true,"href":"https:\/\/ladepeche.mr\/index.php?rest_route=\/wp\/v2\/users\/2"}],"replies":[{"embeddable":true,"href":"https:\/\/ladepeche.mr\/index.php?rest_route=%2Fwp%2Fv2%2Fcomments&post=17356"}],"version-history":[{"count":2,"href":"https:\/\/ladepeche.mr\/index.php?rest_route=\/wp\/v2\/posts\/17356\/revisions"}],"predecessor-version":[{"id":17358,"href":"https:\/\/ladepeche.mr\/index.php?rest_route=\/wp\/v2\/posts\/17356\/revisions\/17358"}],"wp:featuredmedia":[{"embeddable":true,"href":"https:\/\/ladepeche.mr\/index.php?rest_route=\/wp\/v2\/media\/17128"}],"wp:attachment":[{"href":"https:\/\/ladepeche.mr\/index.php?rest_route=%2Fwp%2Fv2%2Fmedia&parent=17356"}],"wp:term":[{"taxonomy":"category","embeddable":true,"href":"https:\/\/ladepeche.mr\/index.php?rest_route=%2Fwp%2Fv2%2Fcategories&post=17356"},{"taxonomy":"post_tag","embeddable":true,"href":"https:\/\/ladepeche.mr\/index.php?rest_route=%2Fwp%2Fv2%2Ftags&post=17356"}],"curies":[{"name":"wp","href":"https:\/\/api.w.org\/{rel}","templated":true}]}}