{"id":17359,"date":"2025-08-03T12:24:24","date_gmt":"2025-08-03T12:24:24","guid":{"rendered":"https:\/\/ladepeche.mr\/?p=17359"},"modified":"2025-08-03T12:24:24","modified_gmt":"2025-08-03T12:24:24","slug":"politique-lancien-president-detenu-passe-devant-son-dentiste","status":"publish","type":"post","link":"https:\/\/ladepeche.mr\/?p=17359","title":{"rendered":"Politique : l\u2019ancien pr\u00e9sident d\u00e9tenu passe devant son dentiste"},"content":{"rendered":"<p>L\u2019ancien pr\u00e9sident, Mohamed Ould Abdelaziz, est r\u00e9apparu, samedi dans une vid\u00e9o au portail d\u2019une clinique priv\u00e9e pour un contr\u00f4le dentaire de routine, apprend-on de sources concordantes.<br \/>\nLes images fuit\u00e9es de l\u2019ancien pr\u00e9sident montre un homme visiblement bien portant donc bien trait\u00e9 par ses ge\u00f4liers malgr\u00e9 les supputations ventil\u00e9es sur les r\u00e9seaux sociaux.<br \/>\nIl affiche une sant\u00e9 de fer et se montre souriant sur une photo prise avec un membre du personnel traitant qui l\u2019auscultait.<br \/>\nL\u2019ancien pr\u00e9sident devrait comparaitre le 7 ao\u00fbt prochain devant la chambre p\u00e9nale de la Cour supr\u00eame pour examen des pourvois introduits dans le cadre de son jugement pour enrichissement illicite et blanchiment d\u2019argent. Deux chefs d\u2019accusation qui lui ont valu une condamnation en mai 2025 pour une peine de 15 ans de prison ferme.<br \/>\nMohamed Ould Abdel Aziz Ould Eleya, 69 ans, a gouvern\u00e9 le pays du 6 ao\u00fbt 2008 au 1\u1d49\u02b3 ao\u00fbt 2019.  <\/p>\n","protected":false},"excerpt":{"rendered":"<p>L\u2019ancien pr\u00e9sident, Mohamed Ould Abdelaziz, est r\u00e9apparu, samedi dans une vid\u00e9o au portail d\u2019une clinique priv\u00e9e pour un contr\u00f4le dentaire de routine, apprend-on de sources concordantes. Les images fuit\u00e9es de l\u2019ancien pr\u00e9sident montre un homme visiblement bien portant donc bien trait\u00e9 par ses ge\u00f4liers malgr\u00e9 les supputations ventil\u00e9es sur les r\u00e9seaux sociaux. Il affiche une &hellip;<\/p>\n","protected":false},"author":2,"featured_media":17360,"comment_status":"open","ping_status":"open","sticky":false,"template":"","format":"standard","meta":{"footnotes":""},"categories":[18],"tags":[],"class_list":["post-17359","post","type-post","status-publish","format-standard","has-post-thumbnail","hentry","category-actualites"],"_links":{"self":[{"href":"https:\/\/ladepeche.mr\/index.php?rest_route=\/wp\/v2\/posts\/17359","targetHints":{"allow":["GET"]}}],"collection":[{"href":"https:\/\/ladepeche.mr\/index.php?rest_route=\/wp\/v2\/posts"}],"about":[{"href":"https:\/\/ladepeche.mr\/index.php?rest_route=\/wp\/v2\/types\/post"}],"author":[{"embeddable":true,"href":"https:\/\/ladepeche.mr\/index.php?rest_route=\/wp\/v2\/users\/2"}],"replies":[{"embeddable":true,"href":"https:\/\/ladepeche.mr\/index.php?rest_route=%2Fwp%2Fv2%2Fcomments&post=17359"}],"version-history":[{"count":1,"href":"https:\/\/ladepeche.mr\/index.php?rest_route=\/wp\/v2\/posts\/17359\/revisions"}],"predecessor-version":[{"id":17361,"href":"https:\/\/ladepeche.mr\/index.php?rest_route=\/wp\/v2\/posts\/17359\/revisions\/17361"}],"wp:featuredmedia":[{"embeddable":true,"href":"https:\/\/ladepeche.mr\/index.php?rest_route=\/wp\/v2\/media\/17360"}],"wp:attachment":[{"href":"https:\/\/ladepeche.mr\/index.php?rest_route=%2Fwp%2Fv2%2Fmedia&parent=17359"}],"wp:term":[{"taxonomy":"category","embeddable":true,"href":"https:\/\/ladepeche.mr\/index.php?rest_route=%2Fwp%2Fv2%2Fcategories&post=17359"},{"taxonomy":"post_tag","embeddable":true,"href":"https:\/\/ladepeche.mr\/index.php?rest_route=%2Fwp%2Fv2%2Ftags&post=17359"}],"curies":[{"name":"wp","href":"https:\/\/api.w.org\/{rel}","templated":true}]}}