{"id":17364,"date":"2025-08-03T12:53:35","date_gmt":"2025-08-03T12:53:35","guid":{"rendered":"https:\/\/ladepeche.mr\/?p=17364"},"modified":"2025-08-03T12:53:35","modified_gmt":"2025-08-03T12:53:35","slug":"tarifs-douaniers-americains-le-risque-de-nouvelles-tensions-economiques-mondiales","status":"publish","type":"post","link":"https:\/\/ladepeche.mr\/?p=17364","title":{"rendered":"Tarifs douaniers am\u00e9ricains : le risque de nouvelles tensions \u00e9conomiques mondiales"},"content":{"rendered":"<p>Les nouveaux tarifs douaniers du pr\u00e9sident Donald Trump, qui peuvent atteindre 41 % sur les importations am\u00e9ricaines en provenance de dizaines de pays, ont suscit\u00e9 vendredi le soulagement de certains pays qui ont n\u00e9goci\u00e9 un accord ou sont parvenus \u00e0 r\u00e9duire les tarifs annonc\u00e9s en avril.<\/p>\n<p>Les nouveaux tarifs douaniers du pr\u00e9sident Donald Trump, qui peuvent atteindre 41 % sur les importations am\u00e9ricaines en provenance de dizaines de pays, ont suscit\u00e9 vendredi le soulagement de certains pays qui ont n\u00e9goci\u00e9 un accord ou sont parvenus \u00e0 r\u00e9duire les tarifs annonc\u00e9s en avril.<\/p>\n<p>D&#8217;autres ont exprim\u00e9 leur d\u00e9ception ou leur frustration d&#8217;avoir manqu\u00e9 de temps apr\u00e8s avoir atteint la date limite du 1er ao\u00fbt fix\u00e9e par M. Trump pour conclure des accords avec les partenaires commerciaux des \u00c9tats-Unis.<\/p>\n<p>&#8220;Le tsunami des tarifs douaniers a frapp\u00e9 Trump et maintenant, vous commencez \u00e0 voir le caoutchouc rencontrer la route en termes de ce que certains de ces tarifs ressemblent r\u00e9ellement&#8221;, a d\u00e9clar\u00e9 Dan Ives, un analyste d&#8217;actions senior chez Wedbush Securities.<\/p>\n<p>&#8220;Si l&#8217;on ajoute \u00e0 cela des nouvelles \u00e9conomiques, moins encourageantes, le march\u00e9 est un peu nerveux \u00e0 propos de cette combinaison de deux coups-de-poing.<\/p>\n<p>La r\u00e9action des march\u00e9s financiers a \u00e9t\u00e9 discr\u00e8te.<\/p>\n<p>Les indices de r\u00e9f\u00e9rence ont chut\u00e9 en Asie, le Kospi sud-cor\u00e9en perdant pr\u00e8s de 4 % apr\u00e8s que le taux des droits de douane pour l&#8217;alli\u00e9 am\u00e9ricain a \u00e9t\u00e9 fix\u00e9 \u00e0 15 %.<\/p>\n<p>Le dollar am\u00e9ricain s&#8217;est affaibli par rapport au yen japonais, s&#8217;\u00e9changeant \u00e0 plus de 150 yens pour un dollar.<\/p>\n<p>Les inqui\u00e9tudes de Wall Street concernant l&#8217;affaiblissement de l&#8217;\u00e9conomie ont \u00e9t\u00e9 fortement renforc\u00e9es par le rapport de vendredi sur la croissance de l&#8217;emploi aux \u00c9tats-Unis, qui a \u00e9t\u00e9 nettement inf\u00e9rieur aux pr\u00e9visions. Les r\u00e9visions effectu\u00e9es par le d\u00e9partement du travail ont entra\u00een\u00e9 la suppression de 258 000 emplois en mai et en juin.<br \/>\nhttps:\/\/www.msn.com\/fr-xl\/finance\/%C3%A9conomie\/tarifs-douaniers-am%C3%A9ricains-le-risque-de-nouvelles-tensions-%C3%A9conomiques-mondiales\/ar-AA1JOqHZ?ocid=msedgntp&#038;pc=U531&#038;cvid=2682a30b0a64440c8f2a3c091acf4a61&#038;ei=61<\/p>\n","protected":false},"excerpt":{"rendered":"<p>Les nouveaux tarifs douaniers du pr\u00e9sident Donald Trump, qui peuvent atteindre 41 % sur les importations am\u00e9ricaines en provenance de dizaines de pays, ont suscit\u00e9 vendredi le soulagement de certains pays qui ont n\u00e9goci\u00e9 un accord ou sont parvenus \u00e0 r\u00e9duire les tarifs annonc\u00e9s en avril. Les nouveaux tarifs douaniers du pr\u00e9sident Donald Trump, qui &hellip;<\/p>\n","protected":false},"author":2,"featured_media":17365,"comment_status":"open","ping_status":"open","sticky":false,"template":"","format":"standard","meta":{"footnotes":""},"categories":[18,29],"tags":[],"class_list":["post-17364","post","type-post","status-publish","format-standard","has-post-thumbnail","hentry","category-actualites","category-monde"],"_links":{"self":[{"href":"https:\/\/ladepeche.mr\/index.php?rest_route=\/wp\/v2\/posts\/17364","targetHints":{"allow":["GET"]}}],"collection":[{"href":"https:\/\/ladepeche.mr\/index.php?rest_route=\/wp\/v2\/posts"}],"about":[{"href":"https:\/\/ladepeche.mr\/index.php?rest_route=\/wp\/v2\/types\/post"}],"author":[{"embeddable":true,"href":"https:\/\/ladepeche.mr\/index.php?rest_route=\/wp\/v2\/users\/2"}],"replies":[{"embeddable":true,"href":"https:\/\/ladepeche.mr\/index.php?rest_route=%2Fwp%2Fv2%2Fcomments&post=17364"}],"version-history":[{"count":1,"href":"https:\/\/ladepeche.mr\/index.php?rest_route=\/wp\/v2\/posts\/17364\/revisions"}],"predecessor-version":[{"id":17366,"href":"https:\/\/ladepeche.mr\/index.php?rest_route=\/wp\/v2\/posts\/17364\/revisions\/17366"}],"wp:featuredmedia":[{"embeddable":true,"href":"https:\/\/ladepeche.mr\/index.php?rest_route=\/wp\/v2\/media\/17365"}],"wp:attachment":[{"href":"https:\/\/ladepeche.mr\/index.php?rest_route=%2Fwp%2Fv2%2Fmedia&parent=17364"}],"wp:term":[{"taxonomy":"category","embeddable":true,"href":"https:\/\/ladepeche.mr\/index.php?rest_route=%2Fwp%2Fv2%2Fcategories&post=17364"},{"taxonomy":"post_tag","embeddable":true,"href":"https:\/\/ladepeche.mr\/index.php?rest_route=%2Fwp%2Fv2%2Ftags&post=17364"}],"curies":[{"name":"wp","href":"https:\/\/api.w.org\/{rel}","templated":true}]}}