{"id":17367,"date":"2025-08-03T13:30:47","date_gmt":"2025-08-03T13:30:47","guid":{"rendered":"https:\/\/ladepeche.mr\/?p=17367"},"modified":"2025-08-03T12:56:42","modified_gmt":"2025-08-03T12:56:42","slug":"le-president-trump-renouvelle-son-appui-a-la-proposition-marocaine-comme-solution-durable-au-differend-du-sahara","status":"publish","type":"post","link":"https:\/\/ladepeche.mr\/?p=17367","title":{"rendered":"Le Pr\u00e9sident Trump renouvelle son appui \u00e0 la proposition marocaine comme solution durable au diff\u00e9rend du Sahara"},"content":{"rendered":"<p>Dans un message adress\u00e9 \u00e0 SM le Roi Mohammed VI \u00e0 l\u2019occasion de la F\u00eate du Tr\u00f4ne, le Pr\u00e9sident des Etats-Unis d\u2019Am\u00e9rique Donald J. Trump a r\u00e9affirm\u00e9 la reconnaissance par les \u00c9tats-Unis d&#8217;Am\u00e9rique de la souverainet\u00e9 marocaine sur le Sahara et leur soutien \u00e0 la Proposition d\u2019Autonomie marocaine &#8220;comme seule base pour un r\u00e8glement juste et durable de ce diff\u00e9rend&#8221;.<\/p>\n<p> &#8220;Je tiens \u00e9galement \u00e0 r\u00e9affirmer que les \u00c9tats-Unis d\u2019Am\u00e9rique reconnaissent la souverainet\u00e9 marocaine sur le Sahara occidental, et qu\u2019ils soutiennent la Proposition d\u2019Autonomie marocaine, s\u00e9rieuse, cr\u00e9dible et r\u00e9aliste, comme seule base pour un r\u00e8glement juste et durable de ce diff\u00e9rend&#8221;, a soulign\u00e9 M. Trump dans son message adress\u00e9 au Souverain.<\/p>\n<p>Exprimant ses f\u00e9licitations au nom des Etats-Unis d&#8217;Am\u00e9rique \u00e0 SM le Roi et au peuple marocain, M. Trump a affirm\u00e9 que &#8220;les \u00c9tats-Unis d\u2019Am\u00e9rique attachent un grand prix au partenariat fort et durable qui nous lie au Maroc. Ensemble, nous \u0153uvrons \u00e0 faire avancer nos priorit\u00e9s communes en faveur de la paix et de la s\u00e9curit\u00e9 dans la r\u00e9gion, notamment en nous appuyant sur les Accords d\u2019Abraham, en luttant contre le terrorisme et en \u00e9largissant le champ de la coop\u00e9ration commerciale qui profite \u00e0 la fois aux Am\u00e9ricains et aux Marocains\u201d.<\/p>\n<p> &#8220;Je me r\u00e9jouis d\u2019avance de pouvoir poursuivre notre collaboration pour la promotion de la stabilit\u00e9, de la s\u00e9curit\u00e9 et de la paix r\u00e9gionales\u201d, conclut le Pr\u00e9sident des \u00c9tats-Unis d\u2019Am\u00e9rique.<br \/>\nMap<\/p>\n","protected":false},"excerpt":{"rendered":"<p>Dans un message adress\u00e9 \u00e0 SM le Roi Mohammed VI \u00e0 l\u2019occasion de la F\u00eate du Tr\u00f4ne, le Pr\u00e9sident des Etats-Unis d\u2019Am\u00e9rique Donald J. Trump a r\u00e9affirm\u00e9 la reconnaissance par les \u00c9tats-Unis d&#8217;Am\u00e9rique de la souverainet\u00e9 marocaine sur le Sahara et leur soutien \u00e0 la Proposition d\u2019Autonomie marocaine &#8220;comme seule base pour un r\u00e8glement juste &hellip;<\/p>\n","protected":false},"author":2,"featured_media":17368,"comment_status":"open","ping_status":"open","sticky":false,"template":"","format":"standard","meta":{"footnotes":""},"categories":[18,29],"tags":[],"class_list":["post-17367","post","type-post","status-publish","format-standard","has-post-thumbnail","hentry","category-actualites","category-monde"],"_links":{"self":[{"href":"https:\/\/ladepeche.mr\/index.php?rest_route=\/wp\/v2\/posts\/17367","targetHints":{"allow":["GET"]}}],"collection":[{"href":"https:\/\/ladepeche.mr\/index.php?rest_route=\/wp\/v2\/posts"}],"about":[{"href":"https:\/\/ladepeche.mr\/index.php?rest_route=\/wp\/v2\/types\/post"}],"author":[{"embeddable":true,"href":"https:\/\/ladepeche.mr\/index.php?rest_route=\/wp\/v2\/users\/2"}],"replies":[{"embeddable":true,"href":"https:\/\/ladepeche.mr\/index.php?rest_route=%2Fwp%2Fv2%2Fcomments&post=17367"}],"version-history":[{"count":1,"href":"https:\/\/ladepeche.mr\/index.php?rest_route=\/wp\/v2\/posts\/17367\/revisions"}],"predecessor-version":[{"id":17369,"href":"https:\/\/ladepeche.mr\/index.php?rest_route=\/wp\/v2\/posts\/17367\/revisions\/17369"}],"wp:featuredmedia":[{"embeddable":true,"href":"https:\/\/ladepeche.mr\/index.php?rest_route=\/wp\/v2\/media\/17368"}],"wp:attachment":[{"href":"https:\/\/ladepeche.mr\/index.php?rest_route=%2Fwp%2Fv2%2Fmedia&parent=17367"}],"wp:term":[{"taxonomy":"category","embeddable":true,"href":"https:\/\/ladepeche.mr\/index.php?rest_route=%2Fwp%2Fv2%2Fcategories&post=17367"},{"taxonomy":"post_tag","embeddable":true,"href":"https:\/\/ladepeche.mr\/index.php?rest_route=%2Fwp%2Fv2%2Ftags&post=17367"}],"curies":[{"name":"wp","href":"https:\/\/api.w.org\/{rel}","templated":true}]}}