{"id":17374,"date":"2025-08-04T13:12:29","date_gmt":"2025-08-04T13:12:29","guid":{"rendered":"https:\/\/ladepeche.mr\/?p=17374"},"modified":"2025-08-04T13:12:29","modified_gmt":"2025-08-04T13:12:29","slug":"lespagne-salue-les-efforts-de-la-mauritanie-dans-la-lutte-contre-la-migration-clandestine","status":"publish","type":"post","link":"https:\/\/ladepeche.mr\/?p=17374","title":{"rendered":"L\u2019Espagne salue les efforts de la Mauritanie dans la lutte contre la migration clandestine"},"content":{"rendered":"<p>Le gouvernement espagnol a exprim\u00e9 sa reconnaissance envers la Mauritanie pour sa contribution significative \u00e0 la r\u00e9duction des flux migratoires irr\u00e9guliers en direction des c\u00f4tes espagnoles, notamment vers l\u2019archipel des Canaries.<br \/>\nSelon plusieurs m\u00e9dias espagnols, les autorit\u00e9s espagnoles se disent confort\u00e9es par les dispositions d\u00e9ploy\u00e9es par les autorit\u00e9s mauritaniennes dans le renforcement du dispositif s\u00e9curitaire pour contrer les d\u00e9parts de migrants clandestins depuis leur territoire. <\/p>\n<p><strong>Chute drastique des arriv\u00e9es de migrants<\/strong><br \/>\nUn resserrement qui aurait permis de contenir efficacement les d\u00e9parts maritimes vers l\u2019Espagne, une porte d\u2019entr\u00e9e privil\u00e9gi\u00e9e vers l\u2019Union europ\u00e9enne pour de nombreux candidats \u00e0 l\u2019exil.<br \/>\nD\u2019apr\u00e8s les donn\u00e9es r\u00e9centes publi\u00e9es par le minist\u00e8re espagnol de l\u2019Int\u00e9rieur, les arriv\u00e9es par voie maritime ont diminu\u00e9 de 32,5 % entre janvier et juillet 2025, par rapport \u00e0 la m\u00eame p\u00e9riode de l\u2019ann\u00e9e pr\u00e9c\u00e9dente. Une baisse marqu\u00e9e qui n\u2019avait pas \u00e9t\u00e9 enregistr\u00e9e depuis le printemps 2023.<br \/>\nCette r\u00e9duction significative s\u2019inscrit dans le cadre d\u2019un partenariat plus large entre l\u2019Union europ\u00e9enne et la Mauritanie. En mars 2025, une d\u00e9claration conjointe a \u00e9t\u00e9 sign\u00e9e \u00e0 Nouakchott, pr\u00e9voyant un appui financier et logistique de Bruxelles au profit de notre pays.<br \/>\nLe document, notamment son article 5, \u00e9tablit un partenariat en mati\u00e8re de gestion migratoire. \u00c0 ce titre, le soutien europ\u00e9en aurait permis de r\u00e9duire de 46,1 % en ao\u00fbt 2025 le flux migratoire ill\u00e9gal des migrants par la route mauritanienne.<\/p>\n<p><strong>Concilier \u00ab s\u00e9curit\u00e9 \u00bb et \u00ab droits humains \u00bb<\/strong><br \/>\nLa coordination op\u00e9rationnelle entre les forces de s\u00e9curit\u00e9 mauritaniennes et les dispositifs europ\u00e9ens s\u2019est \u00e9galement intensifi\u00e9e. La Guardia Civil espagnole, ainsi que les syst\u00e8mes de surveillance maritimes Seahorse et Atlantis, d\u00e9ploy\u00e9s dans le cadre de l\u2019agence Frontex, op\u00e8rent en haute mer pour intercepter les embarcations clandestines et soutenir les actions pr\u00e9ventives du c\u00f4t\u00e9 mauritanien.<br \/>\nLa Guardia Civil espagnole a m\u00eame \u00e9lu domicile \u00e0 Nouadhibou, capitale \u00e9conomique de la Mauritanie et principal point de d\u00e9part des embarcations de fortune vers les Canaries, depuis de longues ann\u00e9es.<br \/>\nSi Madrid et Bruxelles saluent ces avanc\u00e9es, plusieurs organisations de d\u00e9fense des droits humains s\u2019inqui\u00e8tent des cons\u00e9quences de cette coop\u00e9ration. Elles d\u00e9noncent une externalisation de la gestion des flux migratoires qui, selon elles, conduit \u00e0 une r\u00e9pression accrue des migrants dans les pays de transit.<br \/>\nCes ONG appellent \u00e0 un meilleur \u00e9quilibre entre contr\u00f4le des fronti\u00e8res et respect des droits fondamentaux des personnes en migration, notamment dans les pays africains sous-traitant la surveillance des routes migratoires vers l\u2019Europe.<\/p>\n","protected":false},"excerpt":{"rendered":"<p>Le gouvernement espagnol a exprim\u00e9 sa reconnaissance envers la Mauritanie pour sa contribution significative \u00e0 la r\u00e9duction des flux migratoires irr\u00e9guliers en direction des c\u00f4tes espagnoles, notamment vers l\u2019archipel des Canaries. Selon plusieurs m\u00e9dias espagnols, les autorit\u00e9s espagnoles se disent confort\u00e9es par les dispositions d\u00e9ploy\u00e9es par les autorit\u00e9s mauritaniennes dans le renforcement du dispositif s\u00e9curitaire &hellip;<\/p>\n","protected":false},"author":2,"featured_media":16674,"comment_status":"open","ping_status":"open","sticky":false,"template":"","format":"standard","meta":{"footnotes":""},"categories":[18,29],"tags":[],"class_list":["post-17374","post","type-post","status-publish","format-standard","has-post-thumbnail","hentry","category-actualites","category-monde"],"_links":{"self":[{"href":"https:\/\/ladepeche.mr\/index.php?rest_route=\/wp\/v2\/posts\/17374","targetHints":{"allow":["GET"]}}],"collection":[{"href":"https:\/\/ladepeche.mr\/index.php?rest_route=\/wp\/v2\/posts"}],"about":[{"href":"https:\/\/ladepeche.mr\/index.php?rest_route=\/wp\/v2\/types\/post"}],"author":[{"embeddable":true,"href":"https:\/\/ladepeche.mr\/index.php?rest_route=\/wp\/v2\/users\/2"}],"replies":[{"embeddable":true,"href":"https:\/\/ladepeche.mr\/index.php?rest_route=%2Fwp%2Fv2%2Fcomments&post=17374"}],"version-history":[{"count":1,"href":"https:\/\/ladepeche.mr\/index.php?rest_route=\/wp\/v2\/posts\/17374\/revisions"}],"predecessor-version":[{"id":17375,"href":"https:\/\/ladepeche.mr\/index.php?rest_route=\/wp\/v2\/posts\/17374\/revisions\/17375"}],"wp:featuredmedia":[{"embeddable":true,"href":"https:\/\/ladepeche.mr\/index.php?rest_route=\/wp\/v2\/media\/16674"}],"wp:attachment":[{"href":"https:\/\/ladepeche.mr\/index.php?rest_route=%2Fwp%2Fv2%2Fmedia&parent=17374"}],"wp:term":[{"taxonomy":"category","embeddable":true,"href":"https:\/\/ladepeche.mr\/index.php?rest_route=%2Fwp%2Fv2%2Fcategories&post=17374"},{"taxonomy":"post_tag","embeddable":true,"href":"https:\/\/ladepeche.mr\/index.php?rest_route=%2Fwp%2Fv2%2Ftags&post=17374"}],"curies":[{"name":"wp","href":"https:\/\/api.w.org\/{rel}","templated":true}]}}