{"id":17387,"date":"2025-08-04T22:58:39","date_gmt":"2025-08-04T22:58:39","guid":{"rendered":"https:\/\/ladepeche.mr\/?p=17387"},"modified":"2025-08-04T23:00:47","modified_gmt":"2025-08-04T23:00:47","slug":"palestine-le-cs-se-penche-sur-le-sort-des-otagesde-tous-les-otages","status":"publish","type":"post","link":"https:\/\/ladepeche.mr\/?p=17387","title":{"rendered":"Palestine : le CS se penche sur le sort des otages\u2026de tous les otages !"},"content":{"rendered":"<p>Le Conseil de s\u00e9curit\u00e9 de l\u2019ONU va &#8220;se r\u00e9unir mardi pour une r\u00e9union d\u2019urgence sur la situation \u00e0 Gaza, frapp\u00e9e par la famine suite au blocus de plus de deux ans d\u2019Israel qui tente toujours de retrouver ses otages entre les mains de la r\u00e9sistance palestinienne.<br \/>\nDans plusieurs vid\u00e9os, la r\u00e9sistance palestinienne a montr\u00e9 l\u2019incidence du blocus de Gaza sur les d\u00e9tenus isra\u00e9liens r\u00e9clamant m\u00eame du croissant rouge international de leur faire parvenir de l\u2019aide.<br \/>\nMalgr\u00e9 la mort de milliers de citoyens gazaouis et notamment des enfants qui succombent \u00e0 la famine impos\u00e9e par Israel, l\u2019opinion publique isra\u00e9lienne est remont\u00e9e contre le gouvernement Netanyahou qui a sabord\u00e9, \u00e0 la derni\u00e8re minute, un accord sur la fin de la guerre dans l\u2019enclave palestinienne.<br \/>\nLe secr\u00e9taire g\u00e9n\u00e9ral de l&#8217;ONU Antonio Guterres, cit\u00e9 par les m\u00e9dias europ\u00e9ens, a fustig\u00e9 mardi 22 juillet \u00abl&#8217;horreur \u00bb dans la bande de Gaza ravag\u00e9e par la guerre. \u00ab Il suffit de regarder l&#8217;horreur qui se d\u00e9roule \u00e0 Gaza, avec un niveau de mort et de destruction sans \u00e9quivalent dans l&#8217;histoire \u00bb contemporaine a fait remarquer Guterres.<br \/>\nPlusieurs milliers de palestiniens kidnapp\u00e9s par les forces et l\u2019arm\u00e9e isra\u00e9liennes sont consid\u00e9r\u00e9s comme des otages. Beaucoup d\u2019entre eux meurent sous la torture et les mauvais traitements qui leur sont inflig\u00e9s dans les centres de d\u00e9tention comme celui du tristement c\u00e9l\u00e8bre SD Teiman. <\/p>\n","protected":false},"excerpt":{"rendered":"<p>Le Conseil de s\u00e9curit\u00e9 de l\u2019ONU va &#8220;se r\u00e9unir mardi pour une r\u00e9union d\u2019urgence sur la situation \u00e0 Gaza, frapp\u00e9e par la famine suite au blocus de plus de deux ans d\u2019Israel qui tente toujours de retrouver ses otages entre les mains de la r\u00e9sistance palestinienne. Dans plusieurs vid\u00e9os, la r\u00e9sistance palestinienne a montr\u00e9 l\u2019incidence &hellip;<\/p>\n","protected":false},"author":2,"featured_media":17388,"comment_status":"open","ping_status":"open","sticky":false,"template":"","format":"standard","meta":{"footnotes":""},"categories":[18,29],"tags":[],"class_list":["post-17387","post","type-post","status-publish","format-standard","has-post-thumbnail","hentry","category-actualites","category-monde"],"_links":{"self":[{"href":"https:\/\/ladepeche.mr\/index.php?rest_route=\/wp\/v2\/posts\/17387","targetHints":{"allow":["GET"]}}],"collection":[{"href":"https:\/\/ladepeche.mr\/index.php?rest_route=\/wp\/v2\/posts"}],"about":[{"href":"https:\/\/ladepeche.mr\/index.php?rest_route=\/wp\/v2\/types\/post"}],"author":[{"embeddable":true,"href":"https:\/\/ladepeche.mr\/index.php?rest_route=\/wp\/v2\/users\/2"}],"replies":[{"embeddable":true,"href":"https:\/\/ladepeche.mr\/index.php?rest_route=%2Fwp%2Fv2%2Fcomments&post=17387"}],"version-history":[{"count":3,"href":"https:\/\/ladepeche.mr\/index.php?rest_route=\/wp\/v2\/posts\/17387\/revisions"}],"predecessor-version":[{"id":17391,"href":"https:\/\/ladepeche.mr\/index.php?rest_route=\/wp\/v2\/posts\/17387\/revisions\/17391"}],"wp:featuredmedia":[{"embeddable":true,"href":"https:\/\/ladepeche.mr\/index.php?rest_route=\/wp\/v2\/media\/17388"}],"wp:attachment":[{"href":"https:\/\/ladepeche.mr\/index.php?rest_route=%2Fwp%2Fv2%2Fmedia&parent=17387"}],"wp:term":[{"taxonomy":"category","embeddable":true,"href":"https:\/\/ladepeche.mr\/index.php?rest_route=%2Fwp%2Fv2%2Fcategories&post=17387"},{"taxonomy":"post_tag","embeddable":true,"href":"https:\/\/ladepeche.mr\/index.php?rest_route=%2Fwp%2Fv2%2Ftags&post=17387"}],"curies":[{"name":"wp","href":"https:\/\/api.w.org\/{rel}","templated":true}]}}