{"id":17392,"date":"2025-08-05T10:11:07","date_gmt":"2025-08-05T10:11:07","guid":{"rendered":"https:\/\/ladepeche.mr\/?p=17392"},"modified":"2025-08-05T14:00:07","modified_gmt":"2025-08-05T14:00:07","slug":"le-mali-annonce-la-liberation-de-quatre-marocains-enleves-au-sahel-en-janvier","status":"publish","type":"post","link":"https:\/\/ladepeche.mr\/?p=17392","title":{"rendered":"Le Mali annonce la lib\u00e9ration de quatre Marocains enlev\u00e9s au Sahel en janvier"},"content":{"rendered":"<p>Les quatre otages transportaient des \u00e9quipements destin\u00e9s \u00e0 la Soci\u00e9t\u00e9 nig\u00e9rienne d\u2019\u00e9lectricit\u00e9. Le gouvernement malien affirme qu\u2019ils \u00e9taient aux mains de l\u2019\u00c9tat islamique dans la province du Sahel.<\/p>\n<p>Quatre chauffeurs routiers marocains enlev\u00e9s au Sahel par le groupe \u00c9tat islamique le 18 janvier \u00ab ont \u00e9t\u00e9 lib\u00e9r\u00e9s sains et saufs \u00bb ce 3 ao\u00fbt, a annonc\u00e9 le gouvernement malien dans un communiqu\u00e9 lu \u00e0 la t\u00e9l\u00e9vision nationale le lendemain.<\/p>\n<p>Les quatre hommes, \u00ab enlev\u00e9s au nord-est du Burkina Faso, pr\u00e8s de la fronti\u00e8re avec le Niger \u00bb, sont apparus \u00e0 la t\u00e9l\u00e9vision nationale, film\u00e9s lors d\u2019une rencontre avec le chef de la junte, le pr\u00e9sident Assimi Go\u00efta. \u00ab Ils \u00e9taient entre les mains du groupe terroriste l\u2019\u00c9tat islamique dans la province du Sahel \u00bb, pr\u00e9cise le communiqu\u00e9 du gouvernement.<br \/>\nDes groupes arm\u00e9s affili\u00e9s \u00e0 Al-Qa\u00efda et \u00e0 l\u2019\u00c9tat islamique sont actifs depuis une dizaine d\u2019ann\u00e9es au Niger, au Burkina Faso et au Mali, trois pays dirig\u00e9s par des r\u00e9gimes militaires issus de coups d\u2019\u00c9tat perp\u00e9tr\u00e9s entre 2020 et 2023.<\/p>\n<p>\u00ab Cette lib\u00e9ration a \u00e9t\u00e9 couronn\u00e9e de succ\u00e8s gr\u00e2ce \u00e0 la coordination des efforts entre l\u2019Agence nationale de la s\u00e9curit\u00e9 d\u2019\u00c9tat du Mali et la Direction g\u00e9n\u00e9rale d\u2019\u00e9tudes et de documentation du Maroc \u00bb, pr\u00e9cise le gouvernement malien.<\/p>\n<p>Sans escorte<br \/>\nL\u2019arm\u00e9e nig\u00e9rienne avait annonc\u00e9 fin janvier avoir retrouv\u00e9 dans l\u2019ouest du pays quatre camions utilis\u00e9s par les chauffeurs marocains, dans la zone de T\u00e9ra, lieu d\u2019attaques jihadistes meurtri\u00e8res et r\u00e9guli\u00e8res.<br \/>\nLe convoi transportait des \u00e9quipements destin\u00e9s \u00e0 la Soci\u00e9t\u00e9 nig\u00e9rienne d\u2019\u00e9lectricit\u00e9 (Nigelec, publique) et circulait \u00ab sans escorte \u00bb de s\u00e9curit\u00e9, selon l\u2019arm\u00e9e nig\u00e9rienne.<\/p>\n<p>Kidnappings en s\u00e9rie<br \/>\nPlusieurs observateurs estiment que l\u2019\u00c9tat islamique au Sahel (EIS) serait probablement derri\u00e8re les r\u00e9cents kidnappings qui ont eu lieu dans la r\u00e9gion.<\/p>\n<p>Une ressortissante suisse de 67 ans a \u00e9t\u00e9 enlev\u00e9e en avril \u00e0 Agadez dans le nord du Niger. Dans la m\u00eame ville, une Autrichienne, Eva Gretzmacher, a \u00e9t\u00e9 kidnapp\u00e9e \u00e0 son domicile en janvier.<\/p>\n<p>Un ressortissant espagnol avait \u00e9t\u00e9 enlev\u00e9 \u00e0 la fronti\u00e8re alg\u00e9ro-malienne par une bande arm\u00e9e en janvier, puis lib\u00e9r\u00e9 au bout de quelques jours.<\/p>\n<p>https:\/\/www.msn.com\/fr-xl\/politique\/gouvernement\/le-mali-annonce-la-lib%C3%A9ration-de-quatre-marocains-enlev%C3%A9s-au-sahel-en-janvier\/ar-AA1JVW88?ocid=msedgntp&#038;pc=U531&#038;cvid=26bb7ae74ddd464fac25e810e64dc8f8&#038;ei=12<\/p>\n","protected":false},"excerpt":{"rendered":"<p>Les quatre otages transportaient des \u00e9quipements destin\u00e9s \u00e0 la Soci\u00e9t\u00e9 nig\u00e9rienne d\u2019\u00e9lectricit\u00e9. Le gouvernement malien affirme qu\u2019ils \u00e9taient aux mains de l\u2019\u00c9tat islamique dans la province du Sahel. Quatre chauffeurs routiers marocains enlev\u00e9s au Sahel par le groupe \u00c9tat islamique le 18 janvier \u00ab ont \u00e9t\u00e9 lib\u00e9r\u00e9s sains et saufs \u00bb ce 3 ao\u00fbt, a &hellip;<\/p>\n","protected":false},"author":2,"featured_media":17393,"comment_status":"open","ping_status":"open","sticky":false,"template":"","format":"standard","meta":{"footnotes":""},"categories":[1],"tags":[],"class_list":["post-17392","post","type-post","status-publish","format-standard","has-post-thumbnail","hentry","category-uncategorized"],"_links":{"self":[{"href":"https:\/\/ladepeche.mr\/index.php?rest_route=\/wp\/v2\/posts\/17392","targetHints":{"allow":["GET"]}}],"collection":[{"href":"https:\/\/ladepeche.mr\/index.php?rest_route=\/wp\/v2\/posts"}],"about":[{"href":"https:\/\/ladepeche.mr\/index.php?rest_route=\/wp\/v2\/types\/post"}],"author":[{"embeddable":true,"href":"https:\/\/ladepeche.mr\/index.php?rest_route=\/wp\/v2\/users\/2"}],"replies":[{"embeddable":true,"href":"https:\/\/ladepeche.mr\/index.php?rest_route=%2Fwp%2Fv2%2Fcomments&post=17392"}],"version-history":[{"count":1,"href":"https:\/\/ladepeche.mr\/index.php?rest_route=\/wp\/v2\/posts\/17392\/revisions"}],"predecessor-version":[{"id":17394,"href":"https:\/\/ladepeche.mr\/index.php?rest_route=\/wp\/v2\/posts\/17392\/revisions\/17394"}],"wp:featuredmedia":[{"embeddable":true,"href":"https:\/\/ladepeche.mr\/index.php?rest_route=\/wp\/v2\/media\/17393"}],"wp:attachment":[{"href":"https:\/\/ladepeche.mr\/index.php?rest_route=%2Fwp%2Fv2%2Fmedia&parent=17392"}],"wp:term":[{"taxonomy":"category","embeddable":true,"href":"https:\/\/ladepeche.mr\/index.php?rest_route=%2Fwp%2Fv2%2Fcategories&post=17392"},{"taxonomy":"post_tag","embeddable":true,"href":"https:\/\/ladepeche.mr\/index.php?rest_route=%2Fwp%2Fv2%2Ftags&post=17392"}],"curies":[{"name":"wp","href":"https:\/\/api.w.org\/{rel}","templated":true}]}}