{"id":1740,"date":"2022-09-04T20:27:10","date_gmt":"2022-09-04T20:27:10","guid":{"rendered":"https:\/\/ladepeche.mr\/?p=1740"},"modified":"2022-09-04T20:27:10","modified_gmt":"2022-09-04T20:27:10","slug":"mauritanie-mali-le-ministre-malien-de-la-defense-entame-une-visite-de-trois-jours-dans-notre-pays","status":"publish","type":"post","link":"https:\/\/ladepeche.mr\/?p=1740","title":{"rendered":"Mauritanie-Mali: Le ministre malien de la D\u00e9fense entame une visite de trois jours dans notre pays"},"content":{"rendered":"<p>Le ministre de la D\u00e9fense et des Anciens combattants de la R\u00e9publique du Mali, Colonel Sadio Camara est arriv\u00e9, dimanche matin, \u00e0 Nouakchott dans le cadre d\u2019une visite de trois jours qu\u2019il entame dans notre pays.<\/p>\n<p>Le ministre malien et la d\u00e9l\u00e9gation qui l\u2019accompagne ont \u00e9t\u00e9 accueillis \u00e0 leur arriv\u00e9e \u00e0 l\u2019A\u00e9roport international de Nouakchott-Oumtounsy par le ministre de la D\u00e9fense nationale, M. Hanena Ould Sidi, entour\u00e9 de plusieurs conseillers du minist\u00e8re de la D\u00e9fense nationale.<\/p>\n<p>Au cours du premier jour de leur visite, les h\u00f4tes maliens vont tenir une r\u00e9union de travail avec leurs homologues mauritaniens avant de visiter une unit\u00e9 militaire \u00e0 Nouakchott.<\/p>\n<p>Au programme de demain, lundi, la d\u00e9l\u00e9gation malienne va effectuer des visites \u00e0 l\u2019\u00e9tat-major g\u00e9n\u00e9ral des Arm\u00e9es, \u00e0 l\u2019\u00e9tat-major de la Gendarmerie nationale et au Port Autonome de Nouakchott dit Port de l\u2019Amiti\u00e9 (PANPA).<\/p>\n<p>Ami<\/p>\n","protected":false},"excerpt":{"rendered":"<p>Le ministre de la D\u00e9fense et des Anciens combattants de la R\u00e9publique du Mali, Colonel Sadio Camara est arriv\u00e9, dimanche matin, \u00e0 Nouakchott dans le cadre d\u2019une visite de trois jours qu\u2019il entame dans notre pays. Le ministre malien et la d\u00e9l\u00e9gation qui l\u2019accompagne ont \u00e9t\u00e9 accueillis \u00e0 leur arriv\u00e9e \u00e0 l\u2019A\u00e9roport international de Nouakchott-Oumtounsy &hellip;<\/p>\n","protected":false},"author":2,"featured_media":1741,"comment_status":"open","ping_status":"open","sticky":false,"template":"","format":"standard","meta":{"footnotes":""},"categories":[18,28],"tags":[],"class_list":["post-1740","post","type-post","status-publish","format-standard","has-post-thumbnail","hentry","category-actualites","category-sahel"],"_links":{"self":[{"href":"https:\/\/ladepeche.mr\/index.php?rest_route=\/wp\/v2\/posts\/1740","targetHints":{"allow":["GET"]}}],"collection":[{"href":"https:\/\/ladepeche.mr\/index.php?rest_route=\/wp\/v2\/posts"}],"about":[{"href":"https:\/\/ladepeche.mr\/index.php?rest_route=\/wp\/v2\/types\/post"}],"author":[{"embeddable":true,"href":"https:\/\/ladepeche.mr\/index.php?rest_route=\/wp\/v2\/users\/2"}],"replies":[{"embeddable":true,"href":"https:\/\/ladepeche.mr\/index.php?rest_route=%2Fwp%2Fv2%2Fcomments&post=1740"}],"version-history":[{"count":1,"href":"https:\/\/ladepeche.mr\/index.php?rest_route=\/wp\/v2\/posts\/1740\/revisions"}],"predecessor-version":[{"id":1742,"href":"https:\/\/ladepeche.mr\/index.php?rest_route=\/wp\/v2\/posts\/1740\/revisions\/1742"}],"wp:featuredmedia":[{"embeddable":true,"href":"https:\/\/ladepeche.mr\/index.php?rest_route=\/wp\/v2\/media\/1741"}],"wp:attachment":[{"href":"https:\/\/ladepeche.mr\/index.php?rest_route=%2Fwp%2Fv2%2Fmedia&parent=1740"}],"wp:term":[{"taxonomy":"category","embeddable":true,"href":"https:\/\/ladepeche.mr\/index.php?rest_route=%2Fwp%2Fv2%2Fcategories&post=1740"},{"taxonomy":"post_tag","embeddable":true,"href":"https:\/\/ladepeche.mr\/index.php?rest_route=%2Fwp%2Fv2%2Ftags&post=1740"}],"curies":[{"name":"wp","href":"https:\/\/api.w.org\/{rel}","templated":true}]}}