{"id":17402,"date":"2025-08-05T14:02:09","date_gmt":"2025-08-05T14:02:09","guid":{"rendered":"https:\/\/ladepeche.mr\/?p=17402"},"modified":"2025-08-05T14:02:09","modified_gmt":"2025-08-05T14:02:09","slug":"bamako-liberation-de-quatre-chauffeurs-routiers-marocains-fruit-de-la-cooperation-bilaterale-communique-du-gouvernement-malien","status":"publish","type":"post","link":"https:\/\/ladepeche.mr\/?p=17402","title":{"rendered":"Bamako : Lib\u00e9ration de quatre chauffeurs routiers marocains, fruit de la coop\u00e9ration bilat\u00e9rale (Communiqu\u00e9 du gouvernement malien)"},"content":{"rendered":"<p>Dans le cadre d\u2019une coop\u00e9ration entre Bamako et Rabat, quatre chauffeurs routiers marocains, enlev\u00e9s, en janvier dernier, au nord-est du Burkina Faso ont \u00e9t\u00e9 lib\u00e9r\u00e9s dans la soir\u00e9e du dimanche 03 ao\u00fbt 2025, selon un communiqu\u00e9 du gouvernement de la R\u00e9publique du Mali.<\/p>\n<p>&#8220;Le gouvernement malien informe l\u2019opinion nationale et internationale que quatre chauffeurs routiers marocains enlev\u00e9s, le 18 janvier 2025, au nord-est du Burkina Faso pr\u00e8s de la fronti\u00e8re avec le Niger, ont \u00e9t\u00e9 lib\u00e9r\u00e9s sains et saufs dans la soir\u00e9e du dimanche 03 ao\u00fbt 2025&#8221;, a pr\u00e9cis\u00e9 le communiqu\u00e9 du gouvernement malien, lu par la t\u00e9l\u00e9vision du pays.<\/p>\n<p>Et la m\u00eame source d\u2019ajouter que les quatre chauffeurs marocains &#8220;\u00e9taient entre les mains du groupe terroriste Etat islamique dans la province du Sahel&#8221;, qui est la branche sah\u00e9lienne de &#8220;Daech&#8221;. Cette lib\u00e9ration a \u00e9t\u00e9 couronn\u00e9e de succ\u00e8s gr\u00e2ce \u00e0 la coordination des efforts entre l\u2019Agence nationale de la s\u00e9curit\u00e9 d\u2019Etat du Mali et la Direction G\u00e9n\u00e9rale des Etudes et de la Documentation (DGED) du Maroc, qui ont men\u00e9 ensemble les investigations, avec d\u00e9termination et professionnalisme, depuis les premi\u00e8res heures de l\u2019enl\u00e8vement, a indiqu\u00e9 le communiqu\u00e9.<\/p>\n","protected":false},"excerpt":{"rendered":"<p>Dans le cadre d\u2019une coop\u00e9ration entre Bamako et Rabat, quatre chauffeurs routiers marocains, enlev\u00e9s, en janvier dernier, au nord-est du Burkina Faso ont \u00e9t\u00e9 lib\u00e9r\u00e9s dans la soir\u00e9e du dimanche 03 ao\u00fbt 2025, selon un communiqu\u00e9 du gouvernement de la R\u00e9publique du Mali. &#8220;Le gouvernement malien informe l\u2019opinion nationale et internationale que quatre chauffeurs routiers &hellip;<\/p>\n","protected":false},"author":2,"featured_media":17403,"comment_status":"open","ping_status":"open","sticky":false,"template":"","format":"standard","meta":{"footnotes":""},"categories":[18,29,28],"tags":[],"class_list":["post-17402","post","type-post","status-publish","format-standard","has-post-thumbnail","hentry","category-actualites","category-monde","category-sahel"],"_links":{"self":[{"href":"https:\/\/ladepeche.mr\/index.php?rest_route=\/wp\/v2\/posts\/17402","targetHints":{"allow":["GET"]}}],"collection":[{"href":"https:\/\/ladepeche.mr\/index.php?rest_route=\/wp\/v2\/posts"}],"about":[{"href":"https:\/\/ladepeche.mr\/index.php?rest_route=\/wp\/v2\/types\/post"}],"author":[{"embeddable":true,"href":"https:\/\/ladepeche.mr\/index.php?rest_route=\/wp\/v2\/users\/2"}],"replies":[{"embeddable":true,"href":"https:\/\/ladepeche.mr\/index.php?rest_route=%2Fwp%2Fv2%2Fcomments&post=17402"}],"version-history":[{"count":1,"href":"https:\/\/ladepeche.mr\/index.php?rest_route=\/wp\/v2\/posts\/17402\/revisions"}],"predecessor-version":[{"id":17404,"href":"https:\/\/ladepeche.mr\/index.php?rest_route=\/wp\/v2\/posts\/17402\/revisions\/17404"}],"wp:featuredmedia":[{"embeddable":true,"href":"https:\/\/ladepeche.mr\/index.php?rest_route=\/wp\/v2\/media\/17403"}],"wp:attachment":[{"href":"https:\/\/ladepeche.mr\/index.php?rest_route=%2Fwp%2Fv2%2Fmedia&parent=17402"}],"wp:term":[{"taxonomy":"category","embeddable":true,"href":"https:\/\/ladepeche.mr\/index.php?rest_route=%2Fwp%2Fv2%2Fcategories&post=17402"},{"taxonomy":"post_tag","embeddable":true,"href":"https:\/\/ladepeche.mr\/index.php?rest_route=%2Fwp%2Fv2%2Ftags&post=17402"}],"curies":[{"name":"wp","href":"https:\/\/api.w.org\/{rel}","templated":true}]}}